{"id":31925,"date":"2018-02-20T16:18:25","date_gmt":"2018-02-20T21:18:25","guid":{"rendered":"http:\/\/contraluzcucuta.co\/?p=31925"},"modified":"2018-02-20T16:18:25","modified_gmt":"2018-02-20T21:18:25","slug":"tension-en-cucuta-en-menos-de-12-horas-dos-amenazas-de-bomba","status":"publish","type":"post","link":"https:\/\/contraluzcucuta.co\/?p=31925","title":{"rendered":"TENSI\u00d3N EN C\u00daCUTA. \u00a0En menos de 12 horas, dos amenazas de bomba"},"content":{"rendered":"<p style=\"padding-left: 30px;\"><span style=\"color: #ff6600;\"><strong>C\u00daCUTA.-<\/strong> En menos de 12 horas la ciudad vivi\u00f3 momentos de tensi\u00f3n, a ra\u00edz de las alertas encendidas por la presunta presencia de artefactos explosivos en las sedes de la secretar\u00eda de Tr\u00e1nsito y la Alcald\u00eda. La polic\u00eda atendi\u00f3 las emergencias, los bomberos estuvieron atentos y los carabineros llegaron con los perros adiestrados.<\/span><\/p>\n<p>En la noche del lunes, el aviso se dio cuando dos sujetos que se movilizaban en motocicleta dejaron un paquete en inmediaciones de Cenabastos, cerca a Tr\u00e1nsito Municipal. &nbsp;\u201cSi hubiera explotado la carga habr\u00eda sido lamentable para la ciudad\u201d, dijo el alcalde C\u00e9sar Rojas al comentar lo sucedido.<\/p>\n<p>En la ma\u00f1ana del martes, la atenci\u00f3n se concentr\u00f3 en el Palacio Municipal al recibirse una llamada que dio cuenta de la existencia de un paquete sospechoso. \u201cRevisada la infraestructura no se encontr\u00f3 paquete alguno que pudiera altear el orden p\u00fablico\u201d, afirm\u00f3 el coronel Rub\u00e9n Valencia, comandante encargado de la Polic\u00eda Metropolitana.<\/p>\n<p>Ante los hechos, el alcalde Rojas Ayala pidi\u00f3 a la instituci\u00f3n uniformada estar atenta, doblar el accionar, hacer inteligencia y estar preparada para evitar casos lamentables. &nbsp;\u201cNo podemos ser tan flexibles\u201d, enfatiz\u00f3. Inst\u00f3 a extremas las medidas de seguridad para quienes ingresen al edificio.<\/p>\n<p>El alcalde C\u00e9sar Rojas y miembros de la Polic\u00eda Nacional recorrieron las instalaciones para estar comprobar que no hab\u00eda peligro. Entre tanto, funcionarios y visitantes fueron evacuados de manera sorpresiva por la amenaza de bomba.<\/p>\n<p>\u201cEn ning\u00fan momento la polic\u00eda est\u00e1 dormida, est\u00e1 activa y en ejercicio de la misi\u00f3n constitucional e institucional\u201d, asegur\u00f3 el coronel Valencia en respuesta al llamado a tomar precauciones &nbsp;para evitar que se movilice en moto el parrillero hombre. Esta manera de transporte est\u00e1 prohibida en C\u00facuta.<\/p>\n<p>En aplicaci\u00f3n del C\u00f3digo Nacional de Polic\u00eda se expedir\u00e1n los comparendos respectivos a quien infrinja las normas. La disposici\u00f3n involucra a los ciudadanos que entreguen informaci\u00f3n falsa y causen p\u00e1nico entre la comunidad.<\/p>\n<p>Rojas Ayala invit\u00f3 a los cucute\u00f1os a informar sobre hechos sospechosos y a tener valent\u00eda \u201cpara luego no lamentarnos\u201d. Tambi\u00e9n llam\u00f3 a la cordura a los que quieren hacer da\u00f1o en la ciudad, \u201cpues con eso no sacan absolutamente nada\u201d. <\/p>\n","protected":false},"excerpt":{"rendered":"<p>C\u00daCUTA.- En menos de 12 horas la ciudad vivi\u00f3 momentos de tensi\u00f3n, a ra\u00edz de las alertas encendidas por la presunta presencia de artefactos explosivos en las sedes de la secretar\u00eda de Tr\u00e1nsito y la Alcald\u00eda. La polic\u00eda atendi\u00f3 las emergencias, los bomberos estuvieron atentos y los carabineros llegaron con los perros adiestrados. En la &hellip;<\/p>\n","protected":false},"author":1,"featured_media":31926,"comment_status":"open","ping_status":"open","sticky":false,"template":"","format":"standard","meta":{"footnotes":""},"categories":[11,4],"tags":[2733,226,4061,323,163],"class_list":["post-31925","post","type-post","status-publish","format-standard","has-post-thumbnail","hentry","category-cronica-roja","category-barra","tag-alcalde-cesar-rojas","tag-alcaldia-de-cucuta","tag-amenaza-de-bomba","tag-mecuc","tag-policia-metropolitana"],"_links":{"self":[{"href":"https:\/\/contraluzcucuta.co\/index.php?rest_route=\/wp\/v2\/posts\/31925","targetHints":{"allow":["GET"]}}],"collection":[{"href":"https:\/\/contraluzcucuta.co\/index.php?rest_route=\/wp\/v2\/posts"}],"about":[{"href":"https:\/\/contraluzcucuta.co\/index.php?rest_route=\/wp\/v2\/types\/post"}],"author":[{"embeddable":true,"href":"https:\/\/contraluzcucuta.co\/index.php?rest_route=\/wp\/v2\/users\/1"}],"replies":[{"embeddable":true,"href":"https:\/\/contraluzcucuta.co\/index.php?rest_route=%2Fwp%2Fv2%2Fcomments&post=31925"}],"version-history":[{"count":1,"href":"https:\/\/contraluzcucuta.co\/index.php?rest_route=\/wp\/v2\/posts\/31925\/revisions"}],"predecessor-version":[{"id":31927,"href":"https:\/\/contraluzcucuta.co\/index.php?rest_route=\/wp\/v2\/posts\/31925\/revisions\/31927"}],"wp:featuredmedia":[{"embeddable":true,"href":"https:\/\/contraluzcucuta.co\/index.php?rest_route=\/wp\/v2\/media\/31926"}],"wp:attachment":[{"href":"https:\/\/contraluzcucuta.co\/index.php?rest_route=%2Fwp%2Fv2%2Fmedia&parent=31925"}],"wp:term":[{"taxonomy":"category","embeddable":true,"href":"https:\/\/contraluzcucuta.co\/index.php?rest_route=%2Fwp%2Fv2%2Fcategories&post=31925"},{"taxonomy":"post_tag","embeddable":true,"href":"https:\/\/contraluzcucuta.co\/index.php?rest_route=%2Fwp%2Fv2%2Ftags&post=31925"}],"curies":[{"name":"wp","href":"https:\/\/api.w.org\/{rel}","templated":true}]}}