{"id":31919,"date":"2018-02-20T12:36:26","date_gmt":"2018-02-20T17:36:26","guid":{"rendered":"http:\/\/contraluzcucuta.co\/?p=31919"},"modified":"2018-02-20T12:36:26","modified_gmt":"2018-02-20T17:36:26","slug":"notas-al-margen-iniciar-la-trasformacion-depende-de-cada-uno","status":"publish","type":"post","link":"https:\/\/contraluzcucuta.co\/?p=31919","title":{"rendered":"NOTAS AL MARGEN: Iniciar la trasformaci\u00f3n, depende de cada uno"},"content":{"rendered":"<p style=\"padding-left: 30px;\"><span style=\"color: #ff6600;\">1.- \u00bfHabr\u00e1n pensado y valorado quienes intentan pulsar la realidad fronteriza colombo-venezolana&nbsp; lo que significan y representan la desocupaci\u00f3n, los \u00edndices de desempleo y el cierre de almacenes y empresas, ante la crisis que se experimenta&nbsp; y la ausencia de incentivos, est\u00edmulos y mecanismos&nbsp; para sortear el impacto de lo que acontece?<\/span><\/p>\n<p>\u00bfHabr\u00e1n captado el inmenso impacto que representan&nbsp; la situaci\u00f3n monetaria de Venezuela y las dif\u00edciles circunstancias que gravitan sobre la faja territorial que define y concentra a la frontera con Colombia, ante las variables y p\u00e9rdidas del bol\u00edvar? \u00bfHabr\u00e1n captado la urgente necesidad de buscar f\u00f3rmulas y soluciones en procura de crear empleos y formalizar asociaciones y empe\u00f1os&nbsp; para contrarrestar el vac\u00edo existente y la necesidad de subsistir y competir ante el mercado nacional y las ofertas internacionales?&nbsp; \u00bfHabr\u00e1n comprendido que con cruzar los brazos y observar el triste y lamentable panorama solo se produce un mayor desaliento y que lo indispensable y urgente es una labor de conjunto, para propiciar la asociaci\u00f3n que d\u00e9 aliento a la uni\u00f3n y al trabajo compartido y en equipo? \u00bfHabr\u00e1n pulsado que la tarea y el reto hacia el futuro obliga a los gobiernos centrales y a&nbsp; todo el conjunto social, econ\u00f3mico y pol\u00edtico a un cambio de conducta y a una noci\u00f3n de integraci\u00f3n comprometida, integracionista y positiva con el fin de forjar y establecer v\u00ednculos, planes y programas que conjuguen esfuerzos y permitan un accionar y vivir con m\u00e1s visi\u00f3n realista y&nbsp; futurista que la tradicional y negativa&nbsp; espera, que ha conducido a esta suma de indiferencias, olvidos y separaciones&nbsp; que hoy dominan el panorama en las zonas y \u00e1reas&nbsp; que determinan&nbsp; los l\u00edmites que carecen de servicios b\u00e1sicos: agua, gas, v\u00edas, empalmes f\u00e9rreos, aeropuertos, bancos de fomento, escuelas y centros de&nbsp; capacitaci\u00f3n, universidades con proyectos de investigaci\u00f3n e innovaci\u00f3n, que impulsen y presionen el cambio y la trasformaci\u00f3n que se reclama y surge diariamente?<\/p>\n<p>2.- Seguir sin hacer nada &#8211; o simplemente a medias &#8211; o esperando que los dem\u00e1s hagan, mientras los \u00edndices, promedios y resultados de valoraciones y estudios demuestran hasta la saciedad, que empeora la situaci\u00f3n y agrava los indicadores y los detalles que permitan hacer el giro necesario y proceder hacia una conducta nueva y constructiva, solo da paso a agigantar el error y provocar m\u00e1s conflictos y dolores de cabeza.<\/p>\n<p>3.- Lo que es exigente \u2013 y para proceder lo m\u00e1s inmediatamente posible &#8211; con ganas, fervor e indeclinable gesti\u00f3n y ansias de acertar es el&nbsp; dar pasos positivos y demostraciones ciertas y comprobables en la conformaci\u00f3n y existencia de una nueva conducta local, regional y fronteriza con respaldo nacional y visi\u00f3n integracionista bilateral para que el proceso hacia la modernidad y el desarrollo de labores con alto alcance productivo enmarquen una noci\u00f3n progresista, que genere actitudes y estudios, que permitan perspectivas de amplio alcance. Estos pasos hay que conjugarlos y hacerlos fuertes y de vivencia permanente y futurista, llamando y comprometiendo&nbsp; a los m\u00e1s representativos exponentes &#8211; hombres y mujeres &#8211; para que mediante las universidades con asiento y sede en lo nuestro \u2013 o que ofrezcan respaldo \u2013 se conformen centros y n\u00facleos de proyecci\u00f3n en diferentes campos y actividades con voceros y representantes profesionales de los gremios y del sector privado, para que con los agentes gubernamentales y pol\u00edticos asuman el deber de hallar nuevos horizontes y de orientar los pasos y las acciones hacia la trasformaci\u00f3n. Sin olvidar la reestructuraci\u00f3n, ilustraci\u00f3n y reorientaci\u00f3n de las masas, porque el pueblo debe mantenerse siempre&nbsp; bien informado, para que cuando se pronuncie lo haga con plena responsabilidad de lo que acontece y debe hacerse, encaminarse, apoyarse o denunciarse. Ah\u00ed radica el cambio.&nbsp;&nbsp;<\/p>\n<p><strong>JOSE NEIRA REY<\/strong><\/p>\n<p><a href=\"mailto:jneirarey@hotmail.com\">jneirarey@hotmail.com<\/a> <\/p>\n","protected":false},"excerpt":{"rendered":"<p>1.- \u00bfHabr\u00e1n pensado y valorado quienes intentan pulsar la realidad fronteriza colombo-venezolana&nbsp; lo que significan y representan la desocupaci\u00f3n, los \u00edndices de desempleo y el cierre de almacenes y empresas, ante la crisis que se experimenta&nbsp; y la ausencia de incentivos, est\u00edmulos y mecanismos&nbsp; para sortear el impacto de lo que acontece? \u00bfHabr\u00e1n captado el &hellip;<\/p>\n","protected":false},"author":1,"featured_media":31920,"comment_status":"open","ping_status":"open","sticky":false,"template":"","format":"standard","meta":{"footnotes":""},"categories":[14,4],"tags":[1215,382,956],"class_list":["post-31919","post","type-post","status-publish","format-standard","has-post-thumbnail","hentry","category-articulistas","category-barra","tag-desempleo-en-cucuta","tag-jose-neira","tag-notas-al-margen"],"_links":{"self":[{"href":"https:\/\/contraluzcucuta.co\/index.php?rest_route=\/wp\/v2\/posts\/31919","targetHints":{"allow":["GET"]}}],"collection":[{"href":"https:\/\/contraluzcucuta.co\/index.php?rest_route=\/wp\/v2\/posts"}],"about":[{"href":"https:\/\/contraluzcucuta.co\/index.php?rest_route=\/wp\/v2\/types\/post"}],"author":[{"embeddable":true,"href":"https:\/\/contraluzcucuta.co\/index.php?rest_route=\/wp\/v2\/users\/1"}],"replies":[{"embeddable":true,"href":"https:\/\/contraluzcucuta.co\/index.php?rest_route=%2Fwp%2Fv2%2Fcomments&post=31919"}],"version-history":[{"count":1,"href":"https:\/\/contraluzcucuta.co\/index.php?rest_route=\/wp\/v2\/posts\/31919\/revisions"}],"predecessor-version":[{"id":31921,"href":"https:\/\/contraluzcucuta.co\/index.php?rest_route=\/wp\/v2\/posts\/31919\/revisions\/31921"}],"wp:featuredmedia":[{"embeddable":true,"href":"https:\/\/contraluzcucuta.co\/index.php?rest_route=\/wp\/v2\/media\/31920"}],"wp:attachment":[{"href":"https:\/\/contraluzcucuta.co\/index.php?rest_route=%2Fwp%2Fv2%2Fmedia&parent=31919"}],"wp:term":[{"taxonomy":"category","embeddable":true,"href":"https:\/\/contraluzcucuta.co\/index.php?rest_route=%2Fwp%2Fv2%2Fcategories&post=31919"},{"taxonomy":"post_tag","embeddable":true,"href":"https:\/\/contraluzcucuta.co\/index.php?rest_route=%2Fwp%2Fv2%2Ftags&post=31919"}],"curies":[{"name":"wp","href":"https:\/\/api.w.org\/{rel}","templated":true}]}}