{"id":31884,"date":"2018-02-13T14:55:10","date_gmt":"2018-02-13T19:55:10","guid":{"rendered":"http:\/\/contraluzcucuta.co\/?p=31884"},"modified":"2018-02-13T14:55:52","modified_gmt":"2018-02-13T19:55:52","slug":"justicia-transicional-unidad-para-las-victimas-entrego-612-indemnizaciones-en-sardinata-ocana-y-tibu","status":"publish","type":"post","link":"https:\/\/contraluzcucuta.co\/?p=31884","title":{"rendered":"JUSTICIA TRANSICIONAL. Unidad para las V\u00edctimas entreg\u00f3 612 indemnizaciones en Sardinata, Oca\u00f1a y Tib\u00fa"},"content":{"rendered":"<p style=\"padding-left: 30px;\"><span style=\"color: #ff6600;\"><strong>C\u00daCUTA.-<\/strong> 411 v\u00edctimas del conflicto armado registradas en C\u00facuta y el \u00c1rea Metropolitana recibieron cartas de indemnizaci\u00f3n. La actividad se cumpli\u00f3 en la biblioteca p\u00fablica \u2018Julio P\u00e9rez Ferrero\u2019 y cont\u00f3 con la presencia de la directora general de la Unidad para las V\u00edctimas, Yolanda Pinto de Gaviria.<\/span><\/p>\n<p>En la Feria de Servicios participaron el Sena, las secretar\u00edas para las V\u00edctimas de C\u00facuta y Norte de Santander, el Instituto de Salud y el Instituto Colombiano de Bienestar Familiar (ICBF), entre otras entidades del Sistema Nacional de Atenci\u00f3n y Reparaci\u00f3n Integral a las V\u00edctimas (SNARIV).<\/p>\n<p>La Unidad entreg\u00f3 otras 24 indemnizaciones en Sardinata, 152 en Oca\u00f1a y 25 en Tib\u00fa, por $ 8229,6 millones.<\/p>\n<p>Durante la entrega de las cartas, Yolanda Pinto dijo que la Unidad trabajar\u00e1 para otorgar m\u00e1s indemnizaciones en Norte de Santander, para que est\u00e9 igual a la media nacional. La reparaci\u00f3n va en el 19 por ciento de v\u00edctimas indemnizadas. El departamento pasar\u00eda de 18.000 a 29.000 v\u00edctimas indemnizadas.<\/p>\n<p>La funcionaria se reuni\u00f3 con el alcalde C\u00e9sar Rojas para acordar los arreglos que necesita el&nbsp; edificio del Centro Regional de Atenci\u00f3n de la Ciudadela Juan Atalaya. Adem\u00e1s, convers\u00f3 con miembros de las mesas Municipal y Departamental de V\u00edctimas, y con representantes de GIZ y Acnur.<\/p>\n<p><strong>CONSEJO DEPARTAMENTAL DE PAZ<\/strong><\/p>\n<p>El Alto Comisionado para la Paz, Rodrigo Rivera; el embajador de Suecia, Tommy Str\u00f6mberg, y la representante del Consejo Nacional de Paz, Deisy Aparicio, presidieron la primera Sesi\u00f3n ampliada del Consejo Departamental de Paz de 2018, con el fin de analizar los avances de la construcci\u00f3n de paz en la regi\u00f3n.<\/p>\n<p>\u201cDestaco el reclamo de los l\u00edderes, para que se haga presente la institucionalidad, mayor legalidad y eficacia de la fuerza p\u00fablica y el aparato de justicia en nuestro pa\u00eds\u201d, dijo Rivera.<\/p>\n<p>En la jornada se discutieron:<\/p>\n<p>1.- La agenda con el Eln<\/p>\n<p>2.- La pol\u00edtica p\u00fablica de paz<\/p>\n<p>3.- Reconciliaci\u00f3n, convivencia y no estigmatizaci\u00f3n<\/p>\n<p>4.- El plan de fortalecimiento a los Consejos Territoriales de Paz.<\/p>\n<p>El 16 de febrero, se efectuar\u00e1 un encuentro con alcaldes, secretarios de gobierno y funcionarios encargados de implementar los acuerdos en los territorios, para socializar las estrategias que desarrolla la Oficina del Alto Comisionado para la Paz. <\/p>\n","protected":false},"excerpt":{"rendered":"<p>C\u00daCUTA.- 411 v\u00edctimas del conflicto armado registradas en C\u00facuta y el \u00c1rea Metropolitana recibieron cartas de indemnizaci\u00f3n. La actividad se cumpli\u00f3 en la biblioteca p\u00fablica \u2018Julio P\u00e9rez Ferrero\u2019 y cont\u00f3 con la presencia de la directora general de la Unidad para las V\u00edctimas, Yolanda Pinto de Gaviria. En la Feria de Servicios participaron el Sena, &hellip;<\/p>\n","protected":false},"author":1,"featured_media":31885,"comment_status":"open","ping_status":"open","sticky":false,"template":"","format":"standard","meta":{"footnotes":""},"categories":[4,5,32],"tags":[157,4051],"class_list":["post-31884","post","type-post","status-publish","format-standard","has-post-thumbnail","hentry","category-barra","category-justicia-transicional","category-recorrido-por-la-region","tag-justicia-transicional-2","tag-unidad-para-las-victimas"],"_links":{"self":[{"href":"https:\/\/contraluzcucuta.co\/index.php?rest_route=\/wp\/v2\/posts\/31884","targetHints":{"allow":["GET"]}}],"collection":[{"href":"https:\/\/contraluzcucuta.co\/index.php?rest_route=\/wp\/v2\/posts"}],"about":[{"href":"https:\/\/contraluzcucuta.co\/index.php?rest_route=\/wp\/v2\/types\/post"}],"author":[{"embeddable":true,"href":"https:\/\/contraluzcucuta.co\/index.php?rest_route=\/wp\/v2\/users\/1"}],"replies":[{"embeddable":true,"href":"https:\/\/contraluzcucuta.co\/index.php?rest_route=%2Fwp%2Fv2%2Fcomments&post=31884"}],"version-history":[{"count":2,"href":"https:\/\/contraluzcucuta.co\/index.php?rest_route=\/wp\/v2\/posts\/31884\/revisions"}],"predecessor-version":[{"id":31887,"href":"https:\/\/contraluzcucuta.co\/index.php?rest_route=\/wp\/v2\/posts\/31884\/revisions\/31887"}],"wp:featuredmedia":[{"embeddable":true,"href":"https:\/\/contraluzcucuta.co\/index.php?rest_route=\/wp\/v2\/media\/31885"}],"wp:attachment":[{"href":"https:\/\/contraluzcucuta.co\/index.php?rest_route=%2Fwp%2Fv2%2Fmedia&parent=31884"}],"wp:term":[{"taxonomy":"category","embeddable":true,"href":"https:\/\/contraluzcucuta.co\/index.php?rest_route=%2Fwp%2Fv2%2Fcategories&post=31884"},{"taxonomy":"post_tag","embeddable":true,"href":"https:\/\/contraluzcucuta.co\/index.php?rest_route=%2Fwp%2Fv2%2Ftags&post=31884"}],"curies":[{"name":"wp","href":"https:\/\/api.w.org\/{rel}","templated":true}]}}