{"id":31822,"date":"2018-02-06T16:05:03","date_gmt":"2018-02-06T21:05:03","guid":{"rendered":"http:\/\/contraluzcucuta.co\/?p=31822"},"modified":"2018-02-06T16:05:03","modified_gmt":"2018-02-06T21:05:03","slug":"valorizacion-en-cucuta-concejo-aprobo-cobro-para-financiacion-de-obras","status":"publish","type":"post","link":"https:\/\/contraluzcucuta.co\/?p=31822","title":{"rendered":"VALORIZACI\u00d3N EN C\u00daCUTA. Concejo aprob\u00f3 cobro \u00a0para financiaci\u00f3n de obras"},"content":{"rendered":"<p><strong>C\u00daCUTA.-<\/strong> El Concejo de C\u00facuta aprob\u00f3 el proyecto de Acuerdo 004 que modifica al Acuerdo 003 del 23 de febrero del 2017, que decret\u00f3 la ejecuci\u00f3n de algunas obras en la ciudad financiadas con la contribuci\u00f3n de valorizaci\u00f3n. La decisi\u00f3n se tom\u00f3 luego de debatir los beneficios y perjuicios que podr\u00edan ocasionar esos trabajos a los cucute\u00f1os. A la discusi\u00f3n asistieron los secretarios de Hacienda y General de la administraci\u00f3n municipal y el equipo del Fondo de Valorizaci\u00f3n.<\/p>\n<p>Leonardo J\u00e1come, ponente de la iniciativa, indic\u00f3 que \u201clo que se busca con este proyecto de acuerdo, que desde el a\u00f1o pasado fue aprobado, es que se ajusten los cobros antes, durante y despu\u00e9s&nbsp; de ejecutar las obras que adelanta el Plan de Desarrollo\u201d.<\/p>\n<p>Entre las obras que se financiar\u00e1n con los recursos que ingresen al erario cucute\u00f1o est\u00e1n:<\/p>\n<p>1.- La intersecci\u00f3n de la <a href=\"https:\/\/contraluzcucuta.co\/articulos\/balance-de-san-simon-en-el-tintero-puentes-de-la-terminal-y-rumichaca-se-entregarian-en-el-2016\/\">glorieta de la Terminal de Transportes<\/a><\/p>\n<p>2.- La intersecci\u00f3n de la Diagonal Santander con Avenida Gran Colombia<\/p>\n<p>3.- La intersecci\u00f3n de Cuatro Vientos<\/p>\n<p>4.- La pavimentaci\u00f3n de algunas v\u00edas en la ciudad. &nbsp;<\/p>\n<p>El cobro no puede efectuarse si en el recibo del impuesto predial no se adjunta el documento que explique el por qu\u00e9 del incremento a los usuarios. Tambi\u00e9n, debe enumerar las obras que se ejecutar\u00e1n por el sistema de contribuci\u00f3n que permitir\u00e1 generar entre 10.000 y 12.000 empleos indirectos.<\/p>\n<p>El director del Fondo de Valorizaci\u00f3n del Municipio, Marcos Carrero, dijo que se revis\u00f3 el proyecto de Acuerdo anterior. La modificaci\u00f3n qued\u00f3 as\u00ed: \u201cLa contribuci\u00f3n por valorizaci\u00f3n podr\u00e1 liquidarse y exigirse antes de la ejecuci\u00f3n de la obra, durante su construcci\u00f3n y una vez terminada; por lo tanto se distribuir\u00e1n las notificaciones predio a predio del cobro para la posterior estructuraci\u00f3n de las dos grandes obras que son la glorieta de la Terminal y la recuperaci\u00f3n de la Avenida Gran Colombia\u201d.<\/p>\n<p>La modalidad por valorizaci\u00f3n se contemplar\u00e1 a 10 a\u00f1os para obtener recursos para la construcci\u00f3n de las megaobras. El objetivo es brindarles a los cucute\u00f1os el mejoramiento de la circulaci\u00f3n vehicular, reducir los tiempos de desplazamiento, costo de transporte y operaci\u00f3n, mediante la intervenci\u00f3n de la malla vial de la ciudad. <\/p>\n","protected":false},"excerpt":{"rendered":"<p>C\u00daCUTA.- El Concejo de C\u00facuta aprob\u00f3 el proyecto de Acuerdo 004 que modifica al Acuerdo 003 del 23 de febrero del 2017, que decret\u00f3 la ejecuci\u00f3n de algunas obras en la ciudad financiadas con la contribuci\u00f3n de valorizaci\u00f3n. La decisi\u00f3n se tom\u00f3 luego de debatir los beneficios y perjuicios que podr\u00edan ocasionar esos trabajos a &hellip;<\/p>\n","protected":false},"author":1,"featured_media":31823,"comment_status":"open","ping_status":"open","sticky":false,"template":"","format":"standard","meta":{"footnotes":""},"categories":[4,6],"tags":[226,197,4034,4033],"class_list":["post-31822","post","type-post","status-publish","format-standard","has-post-thumbnail","hentry","category-barra","category-ojo-avizor","tag-alcaldia-de-cucuta","tag-concejo-de-cucuta","tag-obras-por-valorizacion","tag-valorizacion-en-cucuta"],"_links":{"self":[{"href":"https:\/\/contraluzcucuta.co\/index.php?rest_route=\/wp\/v2\/posts\/31822","targetHints":{"allow":["GET"]}}],"collection":[{"href":"https:\/\/contraluzcucuta.co\/index.php?rest_route=\/wp\/v2\/posts"}],"about":[{"href":"https:\/\/contraluzcucuta.co\/index.php?rest_route=\/wp\/v2\/types\/post"}],"author":[{"embeddable":true,"href":"https:\/\/contraluzcucuta.co\/index.php?rest_route=\/wp\/v2\/users\/1"}],"replies":[{"embeddable":true,"href":"https:\/\/contraluzcucuta.co\/index.php?rest_route=%2Fwp%2Fv2%2Fcomments&post=31822"}],"version-history":[{"count":1,"href":"https:\/\/contraluzcucuta.co\/index.php?rest_route=\/wp\/v2\/posts\/31822\/revisions"}],"predecessor-version":[{"id":31824,"href":"https:\/\/contraluzcucuta.co\/index.php?rest_route=\/wp\/v2\/posts\/31822\/revisions\/31824"}],"wp:featuredmedia":[{"embeddable":true,"href":"https:\/\/contraluzcucuta.co\/index.php?rest_route=\/wp\/v2\/media\/31823"}],"wp:attachment":[{"href":"https:\/\/contraluzcucuta.co\/index.php?rest_route=%2Fwp%2Fv2%2Fmedia&parent=31822"}],"wp:term":[{"taxonomy":"category","embeddable":true,"href":"https:\/\/contraluzcucuta.co\/index.php?rest_route=%2Fwp%2Fv2%2Fcategories&post=31822"},{"taxonomy":"post_tag","embeddable":true,"href":"https:\/\/contraluzcucuta.co\/index.php?rest_route=%2Fwp%2Fv2%2Ftags&post=31822"}],"curies":[{"name":"wp","href":"https:\/\/api.w.org\/{rel}","templated":true}]}}