{"id":31809,"date":"2018-02-04T20:43:41","date_gmt":"2018-02-05T01:43:41","guid":{"rendered":"http:\/\/contraluzcucuta.co\/?p=31809"},"modified":"2018-02-04T20:43:41","modified_gmt":"2018-02-05T01:43:41","slug":"nuevo-gramalote-en-40-avanza-construccion-del-colegio-sagrado-corazon-de-jesus","status":"publish","type":"post","link":"https:\/\/contraluzcucuta.co\/?p=31809","title":{"rendered":"NUEVO GRAMALOTE. En 40 % avanza construcci\u00f3n del colegio Sagrado Coraz\u00f3n de Jes\u00fas"},"content":{"rendered":"<p style=\"padding-left: 30px;\"><span style=\"color: #ff6600;\"><strong>C\u00daCUTA.-<\/strong> La construcci\u00f3n de la nueva sede de la Instituci\u00f3n Educativa Sagrado Coraz\u00f3n de Jes\u00fas, en Nuevo Gramalote, cuya inversi\u00f3n asciende a $ 14.600 millones espera inaugurarse en mayo. La informaci\u00f3n se conoci\u00f3 luego de la visita al municipio por parte de la secretaria de Educaci\u00f3n de Norte de Santander, Fabiola C\u00e1ceres, y del enlace departamental Carlos Rodr\u00edguez.<\/span><\/p>\n<p>Los ingenieros de la Sociedad Fernando Ram\u00edrez Limitada y la interventor\u00eda Restrepo y Uribe S.A.S. indicaron que la construcci\u00f3n del establecimiento ha completado el 40 por ciento. El avance de la obra representa la localizaci\u00f3n y replanteo del terreno, excavaciones, cimentaci\u00f3n, estructura en concreto reforzado de los bloques del centro de desarrollo infantil, transici\u00f3n, primaria y secundaria.<\/p>\n<p>La nueva sede, cuya construcci\u00f3n inici\u00f3 en junio de 2017, albergar\u00e1 a mil estudiantes y contar\u00e1 con:<\/p>\n<p>1.- Dos aulas para transici\u00f3n, 10 para primaria y 11 para secundaria<\/p>\n<p>2.- \u00c1rea administrativa<\/p>\n<p>3.- Taller de artes<\/p>\n<p>4.- Laboratorios<\/p>\n<p>5.- Biblioteca<\/p>\n<p>6.- Restaurante<\/p>\n<p>7.- Canchas multifuncionales.<\/p>\n<p>En el lugar se dispondr\u00e1 de un Centro de Desarrollo Infantil con cuatro salones y un comedor.<\/p>\n<p><strong>C\u00e1mara de Comercio en Gramalote<\/strong><\/p>\n<p>La C\u00e1mara de Comercio de C\u00facuta visitar\u00e1 a Gramalote para presentar la oferta institucional. La actividad se cumplir\u00e1 en la Alcald\u00eda y se espera la participaci\u00f3n de los habitantes para que aclaren dudas sobre registro, renovaci\u00f3n y servicios que ofrece la entidad.<\/p>\n<p>La jornada est\u00e1 programada para el 9 de febrero, de 9:00 de la ma\u00f1ana a 4:00 de la tarde. El presidente ejecutivo Carlos Luna encabezar\u00e1 el grupo de gerentes y directores de cada \u00e1rea. Los funcionarios dar\u00e1n a conocer ante la comunidad los programas y los proyectos que adelanta la C\u00e1mara en pro del desarrollo regional y del bienestar de comerciantes y empresarios.<\/p>\n<p>Las visitas se cumplen de manera peri\u00f3dica en los municipios de Norte de Santander que corresponden a la jurisdicci\u00f3n de la C\u00e1mara. De esta manera se cumple la misi\u00f3n de llegar a los usuarios con soluciones, alternativas y propuestas que ayuden a fortalecer el tejido empresarial de la regi\u00f3n. <\/p>\n","protected":false},"excerpt":{"rendered":"<p>C\u00daCUTA.- La construcci\u00f3n de la nueva sede de la Instituci\u00f3n Educativa Sagrado Coraz\u00f3n de Jes\u00fas, en Nuevo Gramalote, cuya inversi\u00f3n asciende a $ 14.600 millones espera inaugurarse en mayo. La informaci\u00f3n se conoci\u00f3 luego de la visita al municipio por parte de la secretaria de Educaci\u00f3n de Norte de Santander, Fabiola C\u00e1ceres, y del enlace &hellip;<\/p>\n","protected":false},"author":1,"featured_media":31811,"comment_status":"open","ping_status":"open","sticky":false,"template":"","format":"standard","meta":{"footnotes":""},"categories":[4,32],"tags":[153],"class_list":["post-31809","post","type-post","status-publish","format-standard","has-post-thumbnail","hentry","category-barra","category-recorrido-por-la-region","tag-nuevo-gramalote"],"_links":{"self":[{"href":"https:\/\/contraluzcucuta.co\/index.php?rest_route=\/wp\/v2\/posts\/31809","targetHints":{"allow":["GET"]}}],"collection":[{"href":"https:\/\/contraluzcucuta.co\/index.php?rest_route=\/wp\/v2\/posts"}],"about":[{"href":"https:\/\/contraluzcucuta.co\/index.php?rest_route=\/wp\/v2\/types\/post"}],"author":[{"embeddable":true,"href":"https:\/\/contraluzcucuta.co\/index.php?rest_route=\/wp\/v2\/users\/1"}],"replies":[{"embeddable":true,"href":"https:\/\/contraluzcucuta.co\/index.php?rest_route=%2Fwp%2Fv2%2Fcomments&post=31809"}],"version-history":[{"count":1,"href":"https:\/\/contraluzcucuta.co\/index.php?rest_route=\/wp\/v2\/posts\/31809\/revisions"}],"predecessor-version":[{"id":31812,"href":"https:\/\/contraluzcucuta.co\/index.php?rest_route=\/wp\/v2\/posts\/31809\/revisions\/31812"}],"wp:featuredmedia":[{"embeddable":true,"href":"https:\/\/contraluzcucuta.co\/index.php?rest_route=\/wp\/v2\/media\/31811"}],"wp:attachment":[{"href":"https:\/\/contraluzcucuta.co\/index.php?rest_route=%2Fwp%2Fv2%2Fmedia&parent=31809"}],"wp:term":[{"taxonomy":"category","embeddable":true,"href":"https:\/\/contraluzcucuta.co\/index.php?rest_route=%2Fwp%2Fv2%2Fcategories&post=31809"},{"taxonomy":"post_tag","embeddable":true,"href":"https:\/\/contraluzcucuta.co\/index.php?rest_route=%2Fwp%2Fv2%2Ftags&post=31809"}],"curies":[{"name":"wp","href":"https:\/\/api.w.org\/{rel}","templated":true}]}}