{"id":31806,"date":"2018-02-04T20:12:20","date_gmt":"2018-02-05T01:12:20","guid":{"rendered":"http:\/\/contraluzcucuta.co\/?p=31806"},"modified":"2018-02-04T20:12:20","modified_gmt":"2018-02-05T01:12:20","slug":"socializacion-del-pot-fuerzas-vivas-arman-la-carta-de-navegacion-del-municipio","status":"publish","type":"post","link":"https:\/\/contraluzcucuta.co\/?p=31806","title":{"rendered":"SOCIALIZACI\u00d3N DEL POT. Fuerzas vivas arman la carta de navegaci\u00f3n del municipio"},"content":{"rendered":"<p style=\"padding-left: 30px;\"><span style=\"color: #ff6600;\"><strong>C\u00daCUTA.-<\/strong> Luego de cumplida la primera etapa de socializaci\u00f3n en comunas y corregimientos de C\u00facuta, el Plan de Ordenamiento Territorial es analizado con representantes de las fuerzas vivas de la ciudad.&nbsp; De esa manera la consultora UT Planeando C\u00facuta, surte el requerimiento de mostrar los hallazgos del POT.<\/span><\/p>\n<p>Representantes de las universidades Francisco de Paula Santander, Libre, Pamplona y Antonio Nari\u00f1o, del \u00c1rea Metropolitana, Planeaci\u00f3n Departamental, entidades religiosas, y voceros sociales &nbsp;tomaron nota de la socializaci\u00f3n.<\/p>\n<p>\u201cLa idea es que como es un proceso de construcci\u00f3n de ciudad, entre todos armemos esta carta de navegaci\u00f3n tan importante para el desarrollo del municipio\u201d, dijo el arquitecto Oscar Granados, subdirector de control f\u00edsico y ambiental del Departamento Administrativo de Planeaci\u00f3n de la Alcald\u00eda.<\/p>\n<p>El POT est\u00e1 a\u00fan en etapa de diagn\u00f3stico, durante la cual se hacen estudios y recopilan datos de fuentes documentales y por medici\u00f3n en terreno. Despu\u00e9s, pasar\u00e1 a la fase de formulaci\u00f3n del nuevo documento, que trazar\u00e1 el desarrollo de ciudad para los pr\u00f3ximos 12 a\u00f1os.&nbsp;<\/p>\n<p>La socializaci\u00f3n se llev\u00f3 a cabo con voceros de Camacol, Andi, C\u00e1mara de Comercio y gremios empresariales.<\/p>\n<p><strong>MESA T\u00c9CNICA DE SALUD<\/strong><\/p>\n<p>Las secretarias de Gesti\u00f3n del Riesgo y de Salud, y la ESE Imsalud participaron en la primera mesa t\u00e9cnica sectorial para analizar la situaci\u00f3n en la zona de frontera&nbsp; con respecto a la atenci\u00f3n a ciudadanos venezolanos.<\/p>\n<p>En la&nbsp; reuni\u00f3n &nbsp;se anunci\u00f3 la destinaci\u00f3n de &nbsp;$ 4200 millones para el fortalecimiento de los hospitales Erasmo Meoz y Mental Rudesindo Soto. Se identificaron varias de las necesidades en salud p\u00fablica, sanitaria, patolog\u00edas de alto costo e insumos t\u00e9cnicos&nbsp; que se requieren para garantizar la atenci\u00f3n a&nbsp; los venezolanos que han llegado a la ciudad en el \u00faltimo a\u00f1o.<\/p>\n<p>El gobierno entendi\u00f3 la preocupaci\u00f3n &nbsp;sobre la presencia de ni\u00f1os y adolescentes&nbsp; migrantes venezolanos&nbsp; en las calles de C\u00facuta. Acord\u00f3 fortalecer las acciones institucionales&nbsp; e integrar esfuerzos&nbsp; con&nbsp; el Instituto Colombiano de Bienestar Familiar y la administraci\u00f3n municipal para contribuir a la soluci\u00f3n de la crisis.<\/p>\n<p>El viceministro de salud Luis Fernando Correa recalc\u00f3 sobre la importancia de fortalecer la prevenci\u00f3n y la gesti\u00f3n del riesgo con el fin de actuar oportunamente en caso de que ocurra una emergencia por un desplazamiento masivo de migrantes a la ciudad. <\/p>\n","protected":false},"excerpt":{"rendered":"<p>C\u00daCUTA.- Luego de cumplida la primera etapa de socializaci\u00f3n en comunas y corregimientos de C\u00facuta, el Plan de Ordenamiento Territorial es analizado con representantes de las fuerzas vivas de la ciudad.&nbsp; De esa manera la consultora UT Planeando C\u00facuta, surte el requerimiento de mostrar los hallazgos del POT. Representantes de las universidades Francisco de Paula &hellip;<\/p>\n","protected":false},"author":1,"featured_media":31807,"comment_status":"open","ping_status":"open","sticky":false,"template":"","format":"standard","meta":{"footnotes":""},"categories":[2625,4],"tags":[226,4032,4031],"class_list":["post-31806","post","type-post","status-publish","format-standard","has-post-thumbnail","hentry","category-alcaldia-de-cucuta","category-barra","tag-alcaldia-de-cucuta","tag-fuerzas-vivas-de-cucuta","tag-socializacion-del-pot"],"_links":{"self":[{"href":"https:\/\/contraluzcucuta.co\/index.php?rest_route=\/wp\/v2\/posts\/31806","targetHints":{"allow":["GET"]}}],"collection":[{"href":"https:\/\/contraluzcucuta.co\/index.php?rest_route=\/wp\/v2\/posts"}],"about":[{"href":"https:\/\/contraluzcucuta.co\/index.php?rest_route=\/wp\/v2\/types\/post"}],"author":[{"embeddable":true,"href":"https:\/\/contraluzcucuta.co\/index.php?rest_route=\/wp\/v2\/users\/1"}],"replies":[{"embeddable":true,"href":"https:\/\/contraluzcucuta.co\/index.php?rest_route=%2Fwp%2Fv2%2Fcomments&post=31806"}],"version-history":[{"count":1,"href":"https:\/\/contraluzcucuta.co\/index.php?rest_route=\/wp\/v2\/posts\/31806\/revisions"}],"predecessor-version":[{"id":31808,"href":"https:\/\/contraluzcucuta.co\/index.php?rest_route=\/wp\/v2\/posts\/31806\/revisions\/31808"}],"wp:featuredmedia":[{"embeddable":true,"href":"https:\/\/contraluzcucuta.co\/index.php?rest_route=\/wp\/v2\/media\/31807"}],"wp:attachment":[{"href":"https:\/\/contraluzcucuta.co\/index.php?rest_route=%2Fwp%2Fv2%2Fmedia&parent=31806"}],"wp:term":[{"taxonomy":"category","embeddable":true,"href":"https:\/\/contraluzcucuta.co\/index.php?rest_route=%2Fwp%2Fv2%2Fcategories&post=31806"},{"taxonomy":"post_tag","embeddable":true,"href":"https:\/\/contraluzcucuta.co\/index.php?rest_route=%2Fwp%2Fv2%2Ftags&post=31806"}],"curies":[{"name":"wp","href":"https:\/\/api.w.org\/{rel}","templated":true}]}}