{"id":31794,"date":"2018-02-04T18:39:08","date_gmt":"2018-02-04T23:39:08","guid":{"rendered":"http:\/\/contraluzcucuta.co\/?p=31794"},"modified":"2018-02-04T18:39:08","modified_gmt":"2018-02-04T23:39:08","slug":"notas-al-margen-oracion-por-la-paz-la-convivencia-y-la-integracion-colombo-venezolana","status":"publish","type":"post","link":"https:\/\/contraluzcucuta.co\/?p=31794","title":{"rendered":"NOTAS AL MARGEN. Oraci\u00f3n por la paz, la convivencia y la integraci\u00f3n colombo venezolana"},"content":{"rendered":"<p style=\"padding-left: 30px;\"><span style=\"color: #ff6600;\">1.- El anuncio de la pr\u00f3xima visita a la zona fronteriza&nbsp; del presidente de la Rep\u00fablica, la ministra de Relaciones Exteriores y de inmediatos colaboradores ubicados en el centro nacional, ha despertado gran inter\u00e9s y acalorados debates, porque son muchas las quejas y m\u00faltiples las insinuaciones, sugerencias y petitorios que se han formulado en los m\u00e1s de 3O meses de preocupaci\u00f3n y zozobra que ha padecido esta faja territorial, ante el problema migratorio de venezolanos, carentes de seguridades sociales, econ\u00f3micas y pol\u00edticas, que buscan refugio, comida y auxilios de muy diversa manera y&nbsp; permanentemente.<\/span><\/p>\n<p>Es tal el problema y sus implicaciones en seguridad, salud, alimentaci\u00f3n, empleos, educaci\u00f3n, protecci\u00f3n, desplazamientos, coordinaci\u00f3n y&nbsp; previsi\u00f3n de situaciones y soluciones, que el gobierno departamental, como los de los municipios y entidades de cooperaci\u00f3n ciudadana, han clamado por la adopci\u00f3n de medidas, incentivos, reglamentaciones y aportes presupuestales para emprender algo mejor y superior a lo que se ha podido hacer, porque los auxilios han sido evidentes y comprobados, sin desconocer que se ha querido obrar con mayores opciones, pero se carece de autorizaciones, recursos, personal y programaci\u00f3n, confirm\u00e1ndose la expresi\u00f3n que ha hecho carrera, que : \u201cen las fronteras donde est\u00e1 el 53 % de la faja territorial nacional de Colombia y en donde se hallan las opciones de mayor importancia para el inmediato futuro de la naci\u00f3n y los vecinos, son las \u00e1reas m\u00e1s marginales y abandonadas, porque no cuentan con el respaldo de partidos pol\u00edticos, candidatos a la presidencia de la Rep\u00fablica y aspirantes al Senado o a la C\u00e1mara de Representantes, que en sus planes y proyectos, le otorguen prioridad a las fronteras, en procura de su desarrollo\u201d.<\/p>\n<p>2.- \u00bfSer\u00e1 posible que en lugar de ampliar la contienda que sostienen los presidentes Maduro (Venezuela) y Santos (Colombia) pueda constituirse una comisi\u00f3n bilateral, al mayor nivel posible, para que se analicen y proyecten los incentivos, reglamentaciones y mecanismos que necesitan estas zonas y \u00e1reas de integraci\u00f3n y proyecci\u00f3n internacional para generar empleos, impulsar el desarrollo y darle oportunidad a la visi\u00f3n de futuro en industrializaci\u00f3n y mercados? S\u00ed, adem\u00e1s, el libertador Sim\u00f3n Bol\u00edvar sigue recordando y expresando que \u201cEl no habernos compuesto con Santander, nos ha perjudicado a todos\u201c. Y lo que falta es uni\u00f3n y labores en equipo, con mayores empalmes viales, f\u00e9rreos y a\u00e9reos&nbsp;&nbsp;<\/p>\n<p><strong>JOSE NEIRA REY<\/strong><\/p>\n<p><strong><a href=\"mailto:jneirarey@hotmail.com\">jneirarey@hotmail.com<\/a><\/strong><\/p>\n<p>&nbsp; <\/p>\n","protected":false},"excerpt":{"rendered":"<p>1.- El anuncio de la pr\u00f3xima visita a la zona fronteriza&nbsp; del presidente de la Rep\u00fablica, la ministra de Relaciones Exteriores y de inmediatos colaboradores ubicados en el centro nacional, ha despertado gran inter\u00e9s y acalorados debates, porque son muchas las quejas y m\u00faltiples las insinuaciones, sugerencias y petitorios que se han formulado en los &hellip;<\/p>\n","protected":false},"author":1,"featured_media":31795,"comment_status":"open","ping_status":"open","sticky":false,"template":"","format":"standard","meta":{"footnotes":""},"categories":[14,4],"tags":[557,382,956,278,2048],"class_list":["post-31794","post","type-post","status-publish","format-standard","has-post-thumbnail","hentry","category-articulistas","category-barra","tag-canciller-maria-angela-holguin","tag-jose-neira","tag-notas-al-margen","tag-presidente-juan-manuel-santos","tag-visita-presidencial"],"_links":{"self":[{"href":"https:\/\/contraluzcucuta.co\/index.php?rest_route=\/wp\/v2\/posts\/31794","targetHints":{"allow":["GET"]}}],"collection":[{"href":"https:\/\/contraluzcucuta.co\/index.php?rest_route=\/wp\/v2\/posts"}],"about":[{"href":"https:\/\/contraluzcucuta.co\/index.php?rest_route=\/wp\/v2\/types\/post"}],"author":[{"embeddable":true,"href":"https:\/\/contraluzcucuta.co\/index.php?rest_route=\/wp\/v2\/users\/1"}],"replies":[{"embeddable":true,"href":"https:\/\/contraluzcucuta.co\/index.php?rest_route=%2Fwp%2Fv2%2Fcomments&post=31794"}],"version-history":[{"count":1,"href":"https:\/\/contraluzcucuta.co\/index.php?rest_route=\/wp\/v2\/posts\/31794\/revisions"}],"predecessor-version":[{"id":31796,"href":"https:\/\/contraluzcucuta.co\/index.php?rest_route=\/wp\/v2\/posts\/31794\/revisions\/31796"}],"wp:featuredmedia":[{"embeddable":true,"href":"https:\/\/contraluzcucuta.co\/index.php?rest_route=\/wp\/v2\/media\/31795"}],"wp:attachment":[{"href":"https:\/\/contraluzcucuta.co\/index.php?rest_route=%2Fwp%2Fv2%2Fmedia&parent=31794"}],"wp:term":[{"taxonomy":"category","embeddable":true,"href":"https:\/\/contraluzcucuta.co\/index.php?rest_route=%2Fwp%2Fv2%2Fcategories&post=31794"},{"taxonomy":"post_tag","embeddable":true,"href":"https:\/\/contraluzcucuta.co\/index.php?rest_route=%2Fwp%2Fv2%2Ftags&post=31794"}],"curies":[{"name":"wp","href":"https:\/\/api.w.org\/{rel}","templated":true}]}}