{"id":31791,"date":"2018-02-02T17:30:58","date_gmt":"2018-02-02T22:30:58","guid":{"rendered":"http:\/\/contraluzcucuta.co\/?p=31791"},"modified":"2018-02-02T17:30:58","modified_gmt":"2018-02-02T22:30:58","slug":"bloqueo-hacia-los-patios-alcalde-transportadores-y-conductores-encontraron-solucion","status":"publish","type":"post","link":"https:\/\/contraluzcucuta.co\/?p=31791","title":{"rendered":"BLOQUEO HACIA LOS PATIOS. Alcalde, transportadores y conductores encontraron soluci\u00f3n"},"content":{"rendered":"<p style=\"padding-left: 30px;\"><span style=\"color: #ff6600;\"><strong>C\u00daCUTA.-<\/strong> El alcalde C\u00e9sar Rojas y los gerentes de empresas de transporte p\u00fablico acordaron opciones de circulaci\u00f3n hacia Los Patios. Al acuerdo se lleg\u00f3 luego de las protestas protagonizadas por los conductores de busetas que cubren las rutas hacia el municipio vecino. Los usuarios del servicio se vieron afectados por las acciones de hechos que impidieron la libre movilizaci\u00f3n.<\/span><\/p>\n<p>Rojas Ayala anunci\u00f3 la modificaci\u00f3n de las rutas de transporte de C\u00facuta hacia Los Patios para facilitar el flujo vehicular. Las manifestaciones del &nbsp;primero de febrero tuvieron origen en las obras de ampliaci\u00f3n del puente Benito Hern\u00e1ndez Bustos. Mediante la Resoluci\u00f3n 007, del 30 de enero, se asignaron nuevas rutas que no cayeron bien en el gremio transportador.<\/p>\n<p>Luego de sostener un encuentro con los gerentes de las empresas que prestan servicio hacia el municipio metropolitano, C\u00e9sar Rojas lleg\u00f3 a la glorieta de Pinar del R\u00edo para dar a conocer a los manifestantes las decisiones tomadas. Lo acompa\u00f1aron Patricia Gallego, directora del \u00c1rea Metropolitana de C\u00facuta, y el alcalde de Los Patios, Diego Gonz\u00e1lez.<\/p>\n<p>La ruta implica que las empresas que van por las avenidas 2 y 4 con destino a Los Patios, confluyan en la calle 19 y tomen hacia la avenida Cero, crucen por el puente lleguen a la glorieta Garc\u00eda-Herreros y sigan hacia Los Patios. El compromiso de los conductores es no recoger pasajeros entre la calle 19 con avenida primera&nbsp; hasta despu\u00e9s del colegio Santo \u00c1ngel. Los usuarios que quieran tomar la buseta lo podr\u00e1n hacer antes del Parque de Los Ni\u00f1os (barrio Blanco).<\/p>\n<p>De regreso de Los Patios, desde la glorieta Garc\u00eda-Herreros, pasa por el puente de la Cero hasta la calle 19, cruza a la derecha para tomar hacia la avenida Los Libertadores, sigue hac\u00eda Oro Puro y se toma la ruta asignada a la empresa.<\/p>\n<p>La medida adoptada entra en vigencia a partir de la fecha, con el compromiso que los conductores cumplan con elementales normas de tr\u00e1nsito, tener el cintur\u00f3n, no hablar por tel\u00e9fono celular y dar buen trato a los usuarios del servicio.<\/p>\n<p>Esta es una soluci\u00f3n metropolitana, dijo el alcalde Rojas, por eso el acuerdo con el alcalde Diego Gonz\u00e1lez y el sacrificio que implica la decisi\u00f3n. No se permitir\u00e1 el parqueo entre la calle 19 con avenida Cero hasta el puente, pues eso da\u00f1a la movilidad y la velocidad del flujo vehicular. <\/p>\n","protected":false},"excerpt":{"rendered":"<p>C\u00daCUTA.- El alcalde C\u00e9sar Rojas y los gerentes de empresas de transporte p\u00fablico acordaron opciones de circulaci\u00f3n hacia Los Patios. Al acuerdo se lleg\u00f3 luego de las protestas protagonizadas por los conductores de busetas que cubren las rutas hacia el municipio vecino. Los usuarios del servicio se vieron afectados por las acciones de hechos que &hellip;<\/p>\n","protected":false},"author":1,"featured_media":31792,"comment_status":"open","ping_status":"open","sticky":false,"template":"","format":"standard","meta":{"footnotes":""},"categories":[2625,4],"tags":[2733,543,3353],"class_list":["post-31791","post","type-post","status-publish","format-standard","has-post-thumbnail","hentry","category-alcaldia-de-cucuta","category-barra","tag-alcalde-cesar-rojas","tag-area-metropolitana-de-cucuta","tag-diego-gonzalez"],"_links":{"self":[{"href":"https:\/\/contraluzcucuta.co\/index.php?rest_route=\/wp\/v2\/posts\/31791","targetHints":{"allow":["GET"]}}],"collection":[{"href":"https:\/\/contraluzcucuta.co\/index.php?rest_route=\/wp\/v2\/posts"}],"about":[{"href":"https:\/\/contraluzcucuta.co\/index.php?rest_route=\/wp\/v2\/types\/post"}],"author":[{"embeddable":true,"href":"https:\/\/contraluzcucuta.co\/index.php?rest_route=\/wp\/v2\/users\/1"}],"replies":[{"embeddable":true,"href":"https:\/\/contraluzcucuta.co\/index.php?rest_route=%2Fwp%2Fv2%2Fcomments&post=31791"}],"version-history":[{"count":1,"href":"https:\/\/contraluzcucuta.co\/index.php?rest_route=\/wp\/v2\/posts\/31791\/revisions"}],"predecessor-version":[{"id":31793,"href":"https:\/\/contraluzcucuta.co\/index.php?rest_route=\/wp\/v2\/posts\/31791\/revisions\/31793"}],"wp:featuredmedia":[{"embeddable":true,"href":"https:\/\/contraluzcucuta.co\/index.php?rest_route=\/wp\/v2\/media\/31792"}],"wp:attachment":[{"href":"https:\/\/contraluzcucuta.co\/index.php?rest_route=%2Fwp%2Fv2%2Fmedia&parent=31791"}],"wp:term":[{"taxonomy":"category","embeddable":true,"href":"https:\/\/contraluzcucuta.co\/index.php?rest_route=%2Fwp%2Fv2%2Fcategories&post=31791"},{"taxonomy":"post_tag","embeddable":true,"href":"https:\/\/contraluzcucuta.co\/index.php?rest_route=%2Fwp%2Fv2%2Ftags&post=31791"}],"curies":[{"name":"wp","href":"https:\/\/api.w.org\/{rel}","templated":true}]}}