{"id":31785,"date":"2018-02-02T16:26:57","date_gmt":"2018-02-02T21:26:57","guid":{"rendered":"http:\/\/contraluzcucuta.co\/?p=31785"},"modified":"2018-02-02T16:26:57","modified_gmt":"2018-02-02T21:26:57","slug":"analisis-politico-la-violencia-preelectoral-en-colombia-y-los-caminos-del-eln-y-las-farc","status":"publish","type":"post","link":"https:\/\/contraluzcucuta.co\/?p=31785","title":{"rendered":"AN\u00c1LISIS POL\u00cdTICO. La violencia preelectoral en Colombia y los caminos del Eln y las Farc"},"content":{"rendered":"<p style=\"padding-left: 30px;\"><span style=\"color: #ff6600;\"><strong>BOGOT\u00c1<\/strong> \u2014 Este fin de semana se congreg\u00f3 un grupo grande de personas ataviadas con camisas blancas y portando banderas para un mitin con el que las Farc \u2014la que alguna vez fue la guerrilla m\u00e1s grande del pa\u00eds\u2014 lanzaron oficialmente una campa\u00f1a presidencial.<\/span><\/p>\n<p>Mientras, en un puerto al norte del pa\u00eds, estallaron las bombas de otro grupo rebelde. Siete polic\u00edas fallecieron y m\u00e1s de cuarenta resultaron heridos por ataques que fueron parcialmente reivindicados por una facci\u00f3n del Ej\u00e9rcito de Liberaci\u00f3n Nacional.<\/p>\n<p>Las escenas contrastantes dejan en claro los retos que a\u00fan enfrenta Colombia en su camino hacia la paz. Mientras que las Farc, ahora Fuerza Alternativa Revolucionaria del Com\u00fan, firmaron un acuerdo de paz con el gobierno para ingresar a la pol\u00edtica, los integrantes del ELN se han atrincherado en su postura de luchar con armas.<\/p>\n<p>Despu\u00e9s de los ataques, el presidente Juan Manuel Santos anunci\u00f3 que las negociaciones que se libraban con el ELN en Ecuador para un posible acuerdo ser\u00edan suspendidas.<\/p>\n<p>\u201cMi paciencia y la paciencia del pueblo colombiano tienen sus l\u00edmites\u201d, dijo durante un mitin en La Palma. Santos dijo que no se retomar\u00eda el di\u00e1logo con el ELN \u201chasta ver coherencia entre sus palabras y sus acciones\u201d.<\/p>\n<p>Para los colombianos fue tan solo una nueva mala noticia en cuanto a las posibilidades de la paz. A principios de enero los integrantes del ELN indicaron que no retomar\u00edan un cese al fuego bilateral y ahora muchos temen que haya m\u00e1s ataques.<\/p>\n<p>\u201cCreo que se avecinan varias semanas de derramamiento de sangre innecesario en Colombia\u201d, dijo Adam Isaacson, analista de la Oficina en Washington para Asuntos Latinoamericanos. Record\u00f3 una situaci\u00f3n similar en el 2015 cuando las Farc mataron a once soldados durante el proceso de negociaci\u00f3n de paz y se desat\u00f3 una ola de violencia.<\/p>\n<p>Muchos colombianos afirman que ponerle fin al conflicto con el ELN ser\u00e1 un reto a\u00fan mayor que lo que fue hacerlo con las Farc. El Ej\u00e9rcito de Liberaci\u00f3n Nacional, organizaci\u00f3n marxista-leninista fundada en los a\u00f1os sesenta, es m\u00e1s ideologizada que las Farc y se considera menos jer\u00e1rquica; las facciones a veces act\u00faan de manera aut\u00f3noma incluso pese a objeciones de comandantes.<\/p>\n<p>Algunos de estos se han sumado al di\u00e1logo, pero otros rechazan abiertamente cualquier tipo de negociaci\u00f3n. Todos parecen estar cada vez m\u00e1s desesperados en mantener su lucha en un conflicto que los analistas desestiman puedan ganar.<\/p>\n<p>\u201cEl ELN parece estar perdido, incluso atrapado, con opciones limitadas; eso los hace tomar acciones err\u00e1ticas en direcciones distintas\u201d, dijo Kristian Herbolzheimer, quien estudia el grupo como parte de Conciliation Resources, asociaci\u00f3n de la sociedad civil enfocada en la reducci\u00f3n de conflictos.<\/p>\n<p>Ese desorden qued\u00f3 evidenciado despu\u00e9s de los bombardeos del fin de semana. Empezaron el s\u00e1bado cuando dos motociclistas lanzaron explosivos a una estaci\u00f3n policial en Barranquilla; murieron cinco personas y cuarenta resultaron heridas. Luego, en Bol\u00edvar, hubo otro ataque en el que fueron asesinados dos polic\u00edas y otro result\u00f3 herido. Despu\u00e9s, el domingo temprano, otra estaci\u00f3n fue atacada; cuatro oficiales y tres civiles fueron heridos.<\/p>\n<p>Las autoridades primero se\u00f1alaron a grupos del crimen organizado, pero para la tarde del domingo la facci\u00f3n del ELN autodenominada Frente de Guerra Urbano Nacional dijo que estaba detr\u00e1s del primer ataque en Barranquilla. El gobierno colombiano despu\u00e9s atribuy\u00f3 al ELN los otros dos ataques.<\/p>\n<p>El comunicado de esa facci\u00f3n fue la primera vez que muchos colombianos siquiera se enteraban de la existencia del llamado Frente de Guerra Urbano Nacional. Incluso algunos l\u00edderes guerrilleros estaban confundidos.<\/p>\n<p>\u201cSabemos m\u00e1s o menos lo mismo que ustedes, seg\u00fan los reportes period\u00edsticos y el comunicado\u201d, dijo un comandante guerrillero que se identific\u00f3 como Uriel G\u00f3mez en un mensaje de texto a The New York Times.<\/p>\n<p>Eso marca un contraste con las Farc como partido pol\u00edtico, que se mostraron unidos detr\u00e1s del excomandante Rodrigo \u2018Timochenko\u2019 Londo\u00f1o, quien lanz\u00f3 oficialmente su candidatura presidencial en un barrio bogotano.<\/p>\n<p>Es poco probable que Londo\u00f1o, a quien Estados Unidos ha acusado por cargos de narcotr\u00e1fico, avance m\u00e1s all\u00e1 de la segunda vuelta de la elecci\u00f3n de mayo, pero en su campa\u00f1a ha querido hacer \u00e9nfasis del compromiso de las Farc con la paz.<\/p>\n<p>\u201cMe comprometo a encabezar ese gobierno de transici\u00f3n que genere las condiciones para el nacimiento de una nueva Colombia\u201d, dijo Timochenko a un grupo de partidarios y exguerrilleros que ondeaban las banderas con el nuevo logo del grupo, una rosa roja. \u201cUn gobierno que representar\u00e1 por fin los intereses de los pobres de Colombia, que trabajar\u00e1 por ellos y para ellos, sin tregua alguna\u201d.<\/p>\n<p>Sin embargo, su discurso qued\u00f3 ensombrecido por los ataques del ELN que otros candidatos calificaron como evidencia de que Santos ha sido muy blando con las guerrillas.<\/p>\n<p>\u201cNo puede el gobierno seguir sometiendo a los colombianos y en especial a sus polic\u00edas y militares al accionar del ELN\u201d, dijo Germ\u00e1n Vargas Lleras, candidato presidencial que se desempe\u00f1\u00f3 como vicepresidente del gobierno de Santos durante las negociaciones de paz.<\/p>\n<p>&nbsp;<\/p>\n<p>Muy pocos pol\u00edticos respaldan abiertamente los acuerdos de paz, que siguen siendo tema contencioso entre los colombianos desde que se empezaron a debatir, como qued\u00f3 evidenciado con el referendo de 2016 en el que rechazaron el pacto inicial. Y dado que el mandato de Santos termina en unos meses parece cada vez menos probable que el pr\u00f3ximo gobierno asuma las negociaciones con el ELN.<\/p>\n<p>\u201cEl ELN sabe que a este gobierno solo le quedan cinco meses; no ve que haya nada que negociar ya con este gobierno. Entonces dicen: \u2018\u00bfPara qu\u00e9 nos tomamos la molestia?&#8217;\u201d, dijo Ariel \u00c1vila, subdirector de la Fundaci\u00f3n Paz y Reconciliaci\u00f3n.<\/p>\n<p><strong>NICHOLAS CASEY y JOE PARKIN DANIELS<\/strong><\/p>\n<p><strong>The New York Times.<\/strong> <\/p>\n","protected":false},"excerpt":{"rendered":"<p>BOGOT\u00c1 \u2014 Este fin de semana se congreg\u00f3 un grupo grande de personas ataviadas con camisas blancas y portando banderas para un mitin con el que las Farc \u2014la que alguna vez fue la guerrilla m\u00e1s grande del pa\u00eds\u2014 lanzaron oficialmente una campa\u00f1a presidencial. Mientras, en un puerto al norte del pa\u00eds, estallaron las bombas &hellip;<\/p>\n","protected":false},"author":1,"featured_media":31786,"comment_status":"open","ping_status":"open","sticky":false,"template":"","format":"standard","meta":{"footnotes":""},"categories":[4,9],"tags":[4012,1459,1874,3146],"class_list":["post-31785","post","type-post","status-publish","format-standard","has-post-thumbnail","hentry","category-barra","category-politica","tag-actualidad-politica","tag-dialogos-con-el-eln","tag-farc","tag-nytimes"],"_links":{"self":[{"href":"https:\/\/contraluzcucuta.co\/index.php?rest_route=\/wp\/v2\/posts\/31785","targetHints":{"allow":["GET"]}}],"collection":[{"href":"https:\/\/contraluzcucuta.co\/index.php?rest_route=\/wp\/v2\/posts"}],"about":[{"href":"https:\/\/contraluzcucuta.co\/index.php?rest_route=\/wp\/v2\/types\/post"}],"author":[{"embeddable":true,"href":"https:\/\/contraluzcucuta.co\/index.php?rest_route=\/wp\/v2\/users\/1"}],"replies":[{"embeddable":true,"href":"https:\/\/contraluzcucuta.co\/index.php?rest_route=%2Fwp%2Fv2%2Fcomments&post=31785"}],"version-history":[{"count":1,"href":"https:\/\/contraluzcucuta.co\/index.php?rest_route=\/wp\/v2\/posts\/31785\/revisions"}],"predecessor-version":[{"id":31787,"href":"https:\/\/contraluzcucuta.co\/index.php?rest_route=\/wp\/v2\/posts\/31785\/revisions\/31787"}],"wp:featuredmedia":[{"embeddable":true,"href":"https:\/\/contraluzcucuta.co\/index.php?rest_route=\/wp\/v2\/media\/31786"}],"wp:attachment":[{"href":"https:\/\/contraluzcucuta.co\/index.php?rest_route=%2Fwp%2Fv2%2Fmedia&parent=31785"}],"wp:term":[{"taxonomy":"category","embeddable":true,"href":"https:\/\/contraluzcucuta.co\/index.php?rest_route=%2Fwp%2Fv2%2Fcategories&post=31785"},{"taxonomy":"post_tag","embeddable":true,"href":"https:\/\/contraluzcucuta.co\/index.php?rest_route=%2Fwp%2Fv2%2Ftags&post=31785"}],"curies":[{"name":"wp","href":"https:\/\/api.w.org\/{rel}","templated":true}]}}