{"id":31759,"date":"2018-01-30T18:09:08","date_gmt":"2018-01-30T23:09:08","guid":{"rendered":"http:\/\/contraluzcucuta.co\/?p=31759"},"modified":"2018-01-30T18:09:08","modified_gmt":"2018-01-30T23:09:08","slug":"flujo-migratorio-continua-monitorizacion-en-puentes-internacionales","status":"publish","type":"post","link":"https:\/\/contraluzcucuta.co\/?p=31759","title":{"rendered":"FLUJO MIGRATORIO. Contin\u00faa monitorizaci\u00f3n en puentes internacionales"},"content":{"rendered":"<p style=\"padding-left: 30px;\"><span style=\"color: #ff6600;\"><strong>C\u00daCUTA.-<\/strong> El flujo migratorio por los puentes internacionales \u2018Sim\u00f3n Bol\u00edvar\u2019 y \u2018Francisco de Paula Santander\u2019 se mantiene estable. La cifra de ingreso&nbsp; ha sido de 85.000 colombianos y venezolanos y la salida de 81.000, seg\u00fan el reporte de Migraci\u00f3n Colombia.<\/span><\/p>\n<p>Esta semana&nbsp; se desarrollar\u00e1 una mesa t\u00e9cnica con el Ministerio&nbsp; de Salud y Bienestar Familiar para establecer estrategias de atenci\u00f3n a los inmigrantes. La alcald\u00eda de C\u00facuta reiter\u00f3 el compromiso de garantizar la normalidad en la ciudad y la integridad de&nbsp; los migrantes.<\/p>\n<p>En la ciudad se ha mantenido el control en los puntos en donde se concentraban venezolanos, situaci\u00f3n que ha logrado restablecer &nbsp;el espacio p\u00fablico. Los 149 hombres y mujeres atendidos fueron conducidos a Bogot\u00e1, Cali, Pereira, Ibagu\u00e9 e Ipiales, cerca de la frontera con Ecuador.<\/p>\n<p>Con el fin de hacer seguimiento permanente&nbsp; a la situaci\u00f3n migratoria en la frontera, por la presencia masiva de ciudadanos venezolanos, las secretar\u00edas de Gesti\u00f3n del Riesgo y de&nbsp; Seguridad Ciudadana monitorizan la l\u00ednea divisoria con Venezuela.<\/p>\n<p>Desde el Puesto de Mando Unificado (PMU), conformado por Migraci\u00f3n Colombia, Canciller\u00eda, organismos de Socorro, autoridades militares, Polic\u00eda, Bienestar Familiar y organizaciones internacionales defensoras de los derechos humanos, se entreg\u00f3 el balance general sobre las acciones cumplidas en la \u00faltima semana.<\/p>\n<p>Los despachos municipales anunciaron la continuidad de los operativos integrales, el respeto a la integridad y la condici\u00f3n de quienes trabajan y viven informalmente en las calles.<\/p>\n<p><strong>OPERATIVOS DE SEGURIDAD<\/strong><\/p>\n<p>La Secretar\u00eda de Seguridad Ciudadana, Migraci\u00f3n Colombia y la Polic\u00eda adelantaron un operativo para verificar la situaci\u00f3n de inmigrantes en distintos puntos de la ciudad. La acci\u00f3n se cumpli\u00f3 con apoyo de medios tecnol\u00f3gicos y patrullajes en las principales v\u00edas y parques de la ciudad.<\/p>\n<p>Los resultados del trabajo conjunto son:<\/p>\n<p>1.- 34 personas quedaron a disposici\u00f3n de Migraci\u00f3n Colombia por estar en situaci\u00f3n irregular en el pa\u00eds.<\/p>\n<p>2.- En el parque Mercedes \u00c1brego se capturaron dos mujeres (una venezolana y la otra por confirmar la nacionalidad) en flagrancia por fabricaci\u00f3n, venta y porte de estupefacientes (Ley 30).<\/p>\n<p>&nbsp; <\/p>\n","protected":false},"excerpt":{"rendered":"<p>C\u00daCUTA.- El flujo migratorio por los puentes internacionales \u2018Sim\u00f3n Bol\u00edvar\u2019 y \u2018Francisco de Paula Santander\u2019 se mantiene estable. La cifra de ingreso&nbsp; ha sido de 85.000 colombianos y venezolanos y la salida de 81.000, seg\u00fan el reporte de Migraci\u00f3n Colombia. Esta semana&nbsp; se desarrollar\u00e1 una mesa t\u00e9cnica con el Ministerio&nbsp; de Salud y Bienestar Familiar &hellip;<\/p>\n","protected":false},"author":1,"featured_media":31760,"comment_status":"open","ping_status":"open","sticky":false,"template":"","format":"standard","meta":{"footnotes":""},"categories":[1326,4,32],"tags":[2483,3187,893],"class_list":["post-31759","post","type-post","status-publish","format-standard","has-post-thumbnail","hentry","category-crisis-en-venezuela-2","category-barra","category-recorrido-por-la-region","tag-crisis-en-la-frontera","tag-migracion-colombia","tag-puentes-internacionales"],"_links":{"self":[{"href":"https:\/\/contraluzcucuta.co\/index.php?rest_route=\/wp\/v2\/posts\/31759","targetHints":{"allow":["GET"]}}],"collection":[{"href":"https:\/\/contraluzcucuta.co\/index.php?rest_route=\/wp\/v2\/posts"}],"about":[{"href":"https:\/\/contraluzcucuta.co\/index.php?rest_route=\/wp\/v2\/types\/post"}],"author":[{"embeddable":true,"href":"https:\/\/contraluzcucuta.co\/index.php?rest_route=\/wp\/v2\/users\/1"}],"replies":[{"embeddable":true,"href":"https:\/\/contraluzcucuta.co\/index.php?rest_route=%2Fwp%2Fv2%2Fcomments&post=31759"}],"version-history":[{"count":1,"href":"https:\/\/contraluzcucuta.co\/index.php?rest_route=\/wp\/v2\/posts\/31759\/revisions"}],"predecessor-version":[{"id":31761,"href":"https:\/\/contraluzcucuta.co\/index.php?rest_route=\/wp\/v2\/posts\/31759\/revisions\/31761"}],"wp:featuredmedia":[{"embeddable":true,"href":"https:\/\/contraluzcucuta.co\/index.php?rest_route=\/wp\/v2\/media\/31760"}],"wp:attachment":[{"href":"https:\/\/contraluzcucuta.co\/index.php?rest_route=%2Fwp%2Fv2%2Fmedia&parent=31759"}],"wp:term":[{"taxonomy":"category","embeddable":true,"href":"https:\/\/contraluzcucuta.co\/index.php?rest_route=%2Fwp%2Fv2%2Fcategories&post=31759"},{"taxonomy":"post_tag","embeddable":true,"href":"https:\/\/contraluzcucuta.co\/index.php?rest_route=%2Fwp%2Fv2%2Ftags&post=31759"}],"curies":[{"name":"wp","href":"https:\/\/api.w.org\/{rel}","templated":true}]}}