{"id":31745,"date":"2018-01-28T18:52:38","date_gmt":"2018-01-28T23:52:38","guid":{"rendered":"http:\/\/contraluzcucuta.co\/?p=31745"},"modified":"2018-01-28T18:52:38","modified_gmt":"2018-01-28T23:52:38","slug":"medio-ambiente-santurban-esta-protegido-minambiente","status":"publish","type":"post","link":"https:\/\/contraluzcucuta.co\/?p=31745","title":{"rendered":"MEDIO AMBIENTE. \u201cSanturb\u00e1n est\u00e1 protegido\u201d: Minambiente"},"content":{"rendered":"<p style=\"padding-left: 30px;\"><span style=\"color: #ff6600;\"><strong>BUCARAMANGA \u2013 (MADS).-<\/strong> El proceso de revisi\u00f3n de la delimitaci\u00f3n del p\u00e1ramo Santurb\u00e1n &#8211; Berl\u00edn est\u00e1 en marcha y se adelanta de manera participativa. As\u00ed lo dio a conocer el ministro de Ambiente y Desarrollo Sostenible, Luis Gilberto Murillo, en Bucaramanga.<\/span><\/p>\n<p>\u201cEn ning\u00fan momento el p\u00e1ramo va a quedar desprotegido\u201d, se\u00f1al\u00f3 delante de los directores de las Corporaciones Aut\u00f3nomas Regionales de Santander CDMB y la CAS, del delegado del gobernador y funcionarios de Santander.<\/p>\n<p>Con la delimitaci\u00f3n revisada, el Gobierno va a dejar los p\u00e1ramos delimitados, incluyendo la revisi\u00f3n del P\u00e1ramo Santurb\u00e1n &#8211; Berl\u00edn. \u201cLa Corte, en su fallo, nos dio un plazo de un a\u00f1o para tener la delimitaci\u00f3n ajustada de este p\u00e1ramo y por eso teniendo en cuenta la fecha de notificaci\u00f3n este plazo va hasta el 16 de noviembre\u201d.<\/p>\n<p>Murillo tranquiliz\u00f3 a los cr\u00edticos y se comprometi\u00f3 con que \u201ccumpliremos a cabalidad el fallo y no queremos que se empiecen a generar miedos, ni informaciones falsas de que el p\u00e1ramo podr\u00eda quedar desprotegido, porque no es as\u00ed\u201d.<\/p>\n<p>Asegur\u00f3 que el 5 de diciembre, inici\u00f3 la implementaci\u00f3n del fallo de la Corte, pusieron a disposici\u00f3n en la p\u00e1gina del Ministerio los estudios y el proceso que se hizo para la delimitaci\u00f3n del p\u00e1ramo de Santurb\u00e1n \u2013 Berl\u00edn.<\/p>\n<p>\u201cHemos avanzado en aspectos como la hoja de ruta, presentada a la Procuradur\u00eda y a la Defensor\u00eda del Pueblo, entidades de control vigilantes del proceso\u201d. El ministerio trabaja en la propuesta metodol\u00f3gica de tener nueve nodos para fortalecer la participaci\u00f3n de la comunidad, como lo cita el fallo de la Corte.<\/p>\n<p>En lo que respecta al proyecto minero de Soto Norte, los t\u00e9rminos del tr\u00e1mite de licencia ambiental est\u00e1n suspendidos y la ANLA desarrolla el proceso con todo el rigor t\u00e9cnico del caso. \u201cLa ANLA no va a tomar una decisi\u00f3n de licenciamiento hasta que se tenga una delimitaci\u00f3n revisada del p\u00e1ramo\u201d.<\/p>\n<p>El ministro de Ambiente dijo que merced a los dividendos de la paz se ha podido llegar a diversos lugares a hacer estudios t\u00e9cnicos y a dialogar con la comunidad para delimitar los ecosistemas estrat\u00e9gicos. \u201cHemos delimitado 30 p\u00e1ramos, incluidos todos los de Santander: Yarigu\u00edes, Iguaque Merch\u00e1n, Guantiva La Rusia, Almorzadero y Santurb\u00e1n &#8211; Berl\u00edn (cuya delimitaci\u00f3n est\u00e1 en revisi\u00f3n)\u201d.<\/p>\n<p>El Gobierno dejar\u00e1 delimitados los 37 complejos de paramos del pa\u00eds. <\/p>\n","protected":false},"excerpt":{"rendered":"<p>BUCARAMANGA \u2013 (MADS).- El proceso de revisi\u00f3n de la delimitaci\u00f3n del p\u00e1ramo Santurb\u00e1n &#8211; Berl\u00edn est\u00e1 en marcha y se adelanta de manera participativa. As\u00ed lo dio a conocer el ministro de Ambiente y Desarrollo Sostenible, Luis Gilberto Murillo, en Bucaramanga. \u201cEn ning\u00fan momento el p\u00e1ramo va a quedar desprotegido\u201d, se\u00f1al\u00f3 delante de los directores &hellip;<\/p>\n","protected":false},"author":1,"featured_media":31746,"comment_status":"open","ping_status":"open","sticky":false,"template":"","format":"standard","meta":{"footnotes":""},"categories":[45,4],"tags":[3951,2963,4025,200],"class_list":["post-31745","post","type-post","status-publish","format-standard","has-post-thumbnail","hentry","category-destacado","category-barra","tag-luis-gilberto-murillo-urrutia","tag-medio-ambiente-en-norte-de-santander","tag-ministerio-del-ambiente","tag-paramo-de-santurban"],"_links":{"self":[{"href":"https:\/\/contraluzcucuta.co\/index.php?rest_route=\/wp\/v2\/posts\/31745","targetHints":{"allow":["GET"]}}],"collection":[{"href":"https:\/\/contraluzcucuta.co\/index.php?rest_route=\/wp\/v2\/posts"}],"about":[{"href":"https:\/\/contraluzcucuta.co\/index.php?rest_route=\/wp\/v2\/types\/post"}],"author":[{"embeddable":true,"href":"https:\/\/contraluzcucuta.co\/index.php?rest_route=\/wp\/v2\/users\/1"}],"replies":[{"embeddable":true,"href":"https:\/\/contraluzcucuta.co\/index.php?rest_route=%2Fwp%2Fv2%2Fcomments&post=31745"}],"version-history":[{"count":1,"href":"https:\/\/contraluzcucuta.co\/index.php?rest_route=\/wp\/v2\/posts\/31745\/revisions"}],"predecessor-version":[{"id":31747,"href":"https:\/\/contraluzcucuta.co\/index.php?rest_route=\/wp\/v2\/posts\/31745\/revisions\/31747"}],"wp:featuredmedia":[{"embeddable":true,"href":"https:\/\/contraluzcucuta.co\/index.php?rest_route=\/wp\/v2\/media\/31746"}],"wp:attachment":[{"href":"https:\/\/contraluzcucuta.co\/index.php?rest_route=%2Fwp%2Fv2%2Fmedia&parent=31745"}],"wp:term":[{"taxonomy":"category","embeddable":true,"href":"https:\/\/contraluzcucuta.co\/index.php?rest_route=%2Fwp%2Fv2%2Fcategories&post=31745"},{"taxonomy":"post_tag","embeddable":true,"href":"https:\/\/contraluzcucuta.co\/index.php?rest_route=%2Fwp%2Fv2%2Ftags&post=31745"}],"curies":[{"name":"wp","href":"https:\/\/api.w.org\/{rel}","templated":true}]}}