{"id":31742,"date":"2018-01-28T08:22:36","date_gmt":"2018-01-28T13:22:36","guid":{"rendered":"http:\/\/contraluzcucuta.co\/?p=31742"},"modified":"2018-01-28T08:22:36","modified_gmt":"2018-01-28T13:22:36","slug":"mano-mano-con-carlos-atoche-la-gimnasia-es-un-deporte-de-edades-tempranas","status":"publish","type":"post","link":"https:\/\/contraluzcucuta.co\/?p=31742","title":{"rendered":"MANO A MANO CON CARLOS ATOCHE. La gimnasia es un deporte de edades tempranas"},"content":{"rendered":"<p style=\"padding-left: 30px;\"><span style=\"color: #ff6600;\"><strong>C\u00daCUTA.-<\/strong> Per\u00fa se suma a las delegaciones de Argentina y Bolivia que preparan en C\u00facuta la temporada del 2018. Para el entrenador es primordial que el coliseo \u2018Eustorgio Colmenares Baptista\u2019 sea el lugar donde bajo las \u00f3rdenes de Jairo Ruiz Casas potencien el nivel para las competencias. La delegaci\u00f3n inca lleg\u00f3 con las categor\u00edas infantil, juvenil y mayores.<\/span><\/p>\n<p><strong>\u00bfHace cu\u00e1nto est\u00e1 vinculado con la gimnasia peruana?<\/strong><\/p>\n<ul>\n<li><em>Estoy a cargo del equipo hace 7 a\u00f1os. Con los m\u00e1s chicos tengo dos gimnastas que han trabajado conmigo desde los 5 a\u00f1os. Hacen hecho toda la vida deportiva conmigo. Dirijo el equipo nacional y trabajamos con todos los muchachos.<\/em><\/li>\n<\/ul>\n<p><strong>\u00bfQu\u00e9 recuerda de su etapa como gimnasta?<\/strong><\/p>\n<ul>\n<li><em>S\u00ed. Represent\u00e9 a una provincia de Per\u00fa. Fue una etapa muy linda. Me seleccionaron en el colegio donde estudiaba. El entrenador en ese entonces era muy bueno, porque hab\u00eda estudiado en Rusia, empezamos el proceso, representamos varias veces a la provincia. Pero por asuntos de familia tuve que dejar la gimnasia para dedicarme a estudiar y trabajar. Por eso no &nbsp;llegu\u00e9 a un nivel avanzado y cuando fui a la &nbsp;capital me prepar\u00e9 y estudi\u00e9, y vino esto de ser entrenador.<\/em><\/li>\n<\/ul>\n<p><strong>\u00bfSu mayor logro como gimnasta?<\/strong><\/p>\n<ul>\n<li><em>Campe\u00f3n nacional. Ese fue mi mayor logro.<\/em><\/li>\n<\/ul>\n<p><strong>\u00bfC\u00f3mo es su metodolog\u00eda de trabajo?<\/strong><\/p>\n<ul>\n<li><em>Hemos aprendido mucho cuando salimos a los pa\u00edses. Aprendemos lo bueno de cada pa\u00eds, entonces se pone en pr\u00e1ctica lo aprendido en beneficio de los chicos. Hay que cumplir y respetar las etapas del proceso.<\/em><\/li>\n<\/ul>\n<p><strong>\u00bfCu\u00e1l fue la raz\u00f3n para iniciar su preparaci\u00f3n de cara al 2018 aqu\u00ed en C\u00facuta?<\/strong><\/p>\n<ul>\n<li><em>Hemos venido varias veces. Venimos a aprender y a cambiar un poco los patrones de conducta que tienen los chicos, que muchas veces, debido a la edad, no son buenas. Sabemos que aqu\u00ed el profesor Jairo Ruiz es exigente, exige mucha disciplina y es esto lo que les da a los chicos el avance y los resultados que tienen en C\u00facuta, como Jossimar Calvo, que es uno de los mejores en el mundo.<\/em><\/li>\n<\/ul>\n<p><strong>\u00bfQu\u00e9 patrones de conducta&nbsp; presentan problemas para los gimnastas<\/strong> <strong>y no permiten que tengan un nivel \u00f3ptimo?<\/strong><\/p>\n<ul>\n<li><em>El medio donde se vive es la dificultad. Veo que los chicos se esfuerzan, porque la situaci\u00f3n econ\u00f3mica no los golpee. All\u00e1 los j\u00f3venes son de clase media. Entonces uno no puede exigir m\u00e1s de lo que los padres pueden aportar y los pap\u00e1s cuidan mucho eso. La idea es siempre tener una forma mesurada a la hora de evaluar el control, la disciplina, la exigencia para que no se pierda el equilibrio y no haya estr\u00e9s, ni presi\u00f3n. Hay que cuidar la manera de hablar a la hora de corregir.<\/em><\/li>\n<\/ul>\n<p><strong>\u00bfQu\u00e9 tanto contribuy\u00f3 el Gobierno para que las categor\u00edas mayor, juvenil e infantil estuvieran ac\u00e1 en C\u00facuta?<\/strong><\/p>\n<ul>\n<li>Este asunto lo maneja el Instituto Penal de Deporte (IPD) y nuestra Federaci\u00f3n. En el plan de trabajo decidimos ad\u00f3nde queremos ir para mejorar. Esto se pone en el plan de trabajo y se expone a los directivos de la Federaci\u00f3n; despu\u00e9s, se pasa al IPD y decide en cuanto al apoyo para viajar.<\/li>\n<\/ul>\n<p><strong>\u00bfC\u00f3mo les hablan a los padres para que aprueben las salidas del pa\u00eds?<\/strong><\/p>\n<ul>\n<li>La gimnasia es un deporte de edades tempranas. Hay que aprovechar eso y que puedan avanzar. A los pap\u00e1s se les habla, se les explica, se les orienta sobre el beneficio que trae salir a una base de entrenamientos. Ahora, en esta ocasi\u00f3n han venido dos padres de familia y ven c\u00f3mo es el avance y se educan para que entiendan que hay que exigirles a los chicos. Tiene que haber disciplina para que avancen.<\/li>\n<\/ul>\n<p><strong>\u00bfCon cu\u00e1ntos gimnastas viene la categor\u00eda mayor?<\/strong><\/p>\n<ul>\n<li><em>Venimos con cinco. Tenemos entre ellos a Luis Pizarro, quien fue a Juegos Ol\u00edmpicos en Nank\u00edn; Daniel Ag\u00fcero, quien recibi\u00f3 medalla de plata en Salto en los Bolivarianos, y los otros tres son buenos, pero los hemos tra\u00eddo para que aprovechen el gimnasio y todos los conocimientos posibles. <\/em><\/li>\n<\/ul>\n<p><strong>\u00bfC\u00f3mo es el manejo de las concentraciones?<\/strong><\/p>\n<ul>\n<li><em>Hay ciertas normas qu\u00e9 cumplir. B\u00e1sicamente, hemos venido para mejorar en el aspecto f\u00edsico y en otros aspectos. Tenemos una competencia que es la Pacific Rim, en Medell\u00edn, y se necesitan disciplina y control para conseguir resultados. Eso se puede obtener aqu\u00ed, con las ense\u00f1anzas del profesor Jairo Ruiz. <\/em><\/li>\n<\/ul>\n<p><strong>\u00bfQu\u00e9 tanta importancia le da el peruano a la gimnasia?<\/strong><\/p>\n<ul>\n<li><em>La gimnasia peruana est\u00e1 masific\u00e1ndose. Se conoce mucho por el f\u00fatbol, pero en otros deportes no. Con los resultados obtenidos en varios a\u00f1os se est\u00e1 dando a conocer. Hay muchos clubes. Tambi\u00e9n, benefici\u00f3 que se desarrollaron los niveles USAG, con los que se capt\u00f3 la atenci\u00f3n de muchos ni\u00f1os y de ah\u00ed es el semillero para trabajar las selecciones.<\/em><\/li>\n<\/ul>\n<p><strong>\u00bfC\u00f3mo manejan la presi\u00f3n de los gimnastas cuando la competencia se lleva a cabo en su pa\u00eds?<\/strong><\/p>\n<ul>\n<li><em>Tenemos un grupo de sic\u00f3logos que nos ayudan a ver ese tema. Y es cierto, ser local afecta en gran parte, porque los chicos se ponen inquietos, o se apresuran a ejecutar los ejercicios.<\/em><\/li>\n<\/ul>\n<p><strong>\u00bfC\u00f3mo es el manejo de las lesiones?<\/strong><\/p>\n<ul>\n<li><em>Se ha implementado un departamento de fisioterapia y a\u00fan faltan algunos materiales que son de vital importancia para hacer una recuperaci\u00f3n completa. Nos falta mejorar mucho ese aspecto. Tanto en lo material como en lo personal, para que el gimnasta tenga un acompa\u00f1amiento \u00f3ptimo.<\/em><\/li>\n<\/ul>\n<p><strong>\u00bfQu\u00e9 tal es la experiencia de trabajar bajo las \u00f3rdenes del profesor Jairo Ruiz? <\/strong><\/p>\n<ul>\n<li><em>He venido unas seis veces y en todas he aprendido tanto como entrenador como persona. Hemos logrado elevar el nivel, gracias a que empezamos a salir. Y en los primeros pa\u00edses donde hemos aprendido mucho es ac\u00e1 en Colombia. <\/em><\/li>\n<\/ul>\n<p><strong>\u00bfCu\u00e1l es la meta de la Federaci\u00f3n Peruana de Gimnasia con este grupo de j\u00f3venes?<\/strong><\/p>\n<ul>\n<li><em>El 2018, es un a\u00f1o importante para la gimnasia de Per\u00fa. Tenemos el pre Panamericano y estamos con muchas ganas de clasificar el equipo a los Juegos del 2019. Es un reto y una meta que tenemos y eso lleva a que salgamos a bases de entrenamientos como este para subir el nivel y esto nos ayuda a cumplir esa meta.<\/em><\/li>\n<\/ul>\n<p><strong>\u00bfC\u00f3mo han manejado el clima en C\u00facuta?<\/strong><\/p>\n<ul>\n<li><em>Se han adaptado bien, a pesar de que el cambio con Lima es notorio. Creo que vamos a terminar esta base con un gran resultado aprovechando y avanzando con todo lo que hay aqu\u00ed en C\u00facuta.<\/em><\/li>\n<\/ul>\n<p><strong>\u00bfQu\u00e9 tanto puede aportarle a sus gimnastas &nbsp;compartir gimnasio y experiencias con Jossimar Calvo?<\/strong><\/p>\n<ul>\n<li><em>Hemos estado en diversos eventos y hemos compartido con Jairo Ruiz y Jossimar. El hecho de que los muchachos est\u00e9n aqu\u00ed, en su gimnasio, de verdad que es un honor, porque es un gimnasta de talla mundial y aprendemos diariamente todo lo que hacen.<\/em><\/li>\n<\/ul>\n<p><strong>\u00bfC\u00f3mo se puede definir al profesor Carlos Atoche?<\/strong><\/p>\n<ul>\n<li><em>Soy una persona que quiere mejorar. Quiero resultados para el pa\u00eds. Tengo muchas ganas de salir adelante y dejar el nombre del pa\u00eds en alto.<\/em><\/li>\n<\/ul>\n<p><strong>\u00bfQu\u00e9 tanto tiene que ver Carlos Atoche en el proceso de formaci\u00f3n del gimnasta Daniel Ag\u00fcero y hacia d\u00f3nde apuntan con el deportista?<\/strong><\/p>\n<ul>\n<li><em>Es un Gimnasta talentoso y hemos conseguido con muchos resultados buenos, muchas medallas y ahora pensamos en los Panamericanos. En el plano individual puede llegar m\u00e1s lejos por las condiciones que tiene. Se hace un trabajo sistem\u00e1tico para que pueda elevar la capacidad de fuerza y de t\u00e9cnica y sacar resultados individuales.<\/em><\/li>\n<\/ul>\n<p><strong>\u00bfGenera m\u00e1s responsabilidad y dedicaci\u00f3n que el proceso que se lleva con otras categor\u00edas?<\/strong><\/p>\n<ul>\n<li><em>S\u00ed. Siempre se escoge un modelo para seguir. Los chicos saben que tienen que mejorar, porque aqu\u00ed el equipo no es solo un gimnasta. Por eso todos tienen que aportar y ponerle ganas para que los resultados sean individuales y colectivos.<\/em><\/li>\n<\/ul>\n<p><strong>\u00bfC\u00f3mo&nbsp; es su relaci\u00f3n con los gimnastas?<\/strong><\/p>\n<ul>\n<li><em>Trato que entiendan que soy su entrenador, pero tambi\u00e9n su amigo. Y la relaci\u00f3n debe estar controlada, porque son chicos mayores. Sin embargo, siempre toca ajustarlos un poco para que no se vayan de las manos y cumplan todas sus tareas. Tiene que haber una amistad, pero, l\u00f3gicamente, hay que tenerla controlada. <\/em><\/li>\n<\/ul>\n<p><strong>\u00bfC\u00f3mo define al gimnasta peruano?<\/strong><\/p>\n<ul>\n<li><em>Es un deportista consciente de la capacidad y de las condiciones que posee. Consciente de los resultados que se pueden y se tienen que lograr para cumplir los objetivos pactados desde el inicio de cada a\u00f1o. La actitud del gimnasta peruano es buena. <\/em><\/li>\n<\/ul>\n<p><strong>\u00bfEl gimnasta m\u00e1s aplicado y el m\u00e1s desaplicado o bromista de la delegaci\u00f3n?<\/strong><\/p>\n<p>El m\u00e1s aplicado es Luis Pizarro. Es un deportista que cumple todas las \u00f3rdenes. Y el m\u00e1s juguet\u00f3n o bromista es Daniel Ag\u00fcero. F\u00edjate, al mejor que tenemos le gusta bromear, se distrae, pero es buena persona.<\/p>\n<p><strong>JORDY ORLANDO CRUZ<\/strong> <\/p>\n","protected":false},"excerpt":{"rendered":"<p>C\u00daCUTA.- Per\u00fa se suma a las delegaciones de Argentina y Bolivia que preparan en C\u00facuta la temporada del 2018. Para el entrenador es primordial que el coliseo \u2018Eustorgio Colmenares Baptista\u2019 sea el lugar donde bajo las \u00f3rdenes de Jairo Ruiz Casas potencien el nivel para las competencias. La delegaci\u00f3n inca lleg\u00f3 con las categor\u00edas infantil, &hellip;<\/p>\n","protected":false},"author":1,"featured_media":31743,"comment_status":"open","ping_status":"open","sticky":false,"template":"","format":"standard","meta":{"footnotes":""},"categories":[4,28],"tags":[4022,4024,1605,4023],"class_list":["post-31742","post","type-post","status-publish","format-standard","has-post-thumbnail","hentry","category-barra","category-vistazo-deportivo","tag-carlos-atoche","tag-coliseo-eustorgio-colmenares","tag-gimnasia-de-norte-de-santander","tag-gimnastas-peruanos"],"_links":{"self":[{"href":"https:\/\/contraluzcucuta.co\/index.php?rest_route=\/wp\/v2\/posts\/31742","targetHints":{"allow":["GET"]}}],"collection":[{"href":"https:\/\/contraluzcucuta.co\/index.php?rest_route=\/wp\/v2\/posts"}],"about":[{"href":"https:\/\/contraluzcucuta.co\/index.php?rest_route=\/wp\/v2\/types\/post"}],"author":[{"embeddable":true,"href":"https:\/\/contraluzcucuta.co\/index.php?rest_route=\/wp\/v2\/users\/1"}],"replies":[{"embeddable":true,"href":"https:\/\/contraluzcucuta.co\/index.php?rest_route=%2Fwp%2Fv2%2Fcomments&post=31742"}],"version-history":[{"count":1,"href":"https:\/\/contraluzcucuta.co\/index.php?rest_route=\/wp\/v2\/posts\/31742\/revisions"}],"predecessor-version":[{"id":31744,"href":"https:\/\/contraluzcucuta.co\/index.php?rest_route=\/wp\/v2\/posts\/31742\/revisions\/31744"}],"wp:featuredmedia":[{"embeddable":true,"href":"https:\/\/contraluzcucuta.co\/index.php?rest_route=\/wp\/v2\/media\/31743"}],"wp:attachment":[{"href":"https:\/\/contraluzcucuta.co\/index.php?rest_route=%2Fwp%2Fv2%2Fmedia&parent=31742"}],"wp:term":[{"taxonomy":"category","embeddable":true,"href":"https:\/\/contraluzcucuta.co\/index.php?rest_route=%2Fwp%2Fv2%2Fcategories&post=31742"},{"taxonomy":"post_tag","embeddable":true,"href":"https:\/\/contraluzcucuta.co\/index.php?rest_route=%2Fwp%2Fv2%2Ftags&post=31742"}],"curies":[{"name":"wp","href":"https:\/\/api.w.org\/{rel}","templated":true}]}}