{"id":31736,"date":"2018-01-27T21:01:15","date_gmt":"2018-01-28T02:01:15","guid":{"rendered":"http:\/\/contraluzcucuta.co\/?p=31736"},"modified":"2018-01-27T21:01:15","modified_gmt":"2018-01-28T02:01:15","slug":"enfoque-un-diario-de-ana-frank-tambien-se-forja-en-esta-frontera","status":"publish","type":"post","link":"https:\/\/contraluzcucuta.co\/?p=31736","title":{"rendered":"ENFOQUE. Un diario de Ana Frank tambi\u00e9n se forja en esta frontera"},"content":{"rendered":"<p style=\"padding-left: 30px;\"><span style=\"color: #ff6600;\"><strong>C\u00daCUTA.-<\/strong> En un d\u00eda desconocido de 1945, Ana Frank, la ni\u00f1a jud\u00eda de 15 a\u00f1os que sufri\u00f3, luch\u00f3, resisti\u00f3 y escribi\u00f3 en el anexo de un edificio en \u00c1msterdam (Holanda), mor\u00eda de pulmon\u00eda a ra\u00edz de la estad\u00eda en un campo de concentraci\u00f3n Nazi en Bergen-Belsen (Alemania).&nbsp;<\/span><\/p>\n<p>No es necesario profundizar en el genocidio jud\u00edo a manos de las fuerzas nazis, abarquemos al sujeto, como dir\u00eda Michel Foucault, en este caso Ana Frank. En Norte de Santander, y en las l\u00edneas que contienen dispositivos lim\u00edtrofes tambi\u00e9n se narran los diarios, los diarios de esta frontera, y no es 1945, es 2018.<\/p>\n<p>La tecnolog\u00eda no ha sido la \u00fanica que ha tenido evoluci\u00f3n, el concepto de guerra y su aplicaci\u00f3n tambi\u00e9n. A tal punto de asegurar que vivimos en la tercera guerra mundial. Esta lucha global vivida en carne propia es silenciosa, fragmentada, estratagema, violenta, medi\u00e1tica, insensible y despiadada.<\/p>\n<p>Cuando los que gobiernan se saturan de poder, sordoceguera y locura, lo despiadado e inimaginable se vuelve rutinario y normal. Es ah\u00ed cuando los rebeldes se cunden del polvo de la injusticia y empiezan a narrar para que las siguientes generaciones escuchen sus memorias, su pasado y nunca abran el espacio para que el terror vuelva a ser abominado.<\/p>\n<p>As\u00ed como los jud\u00edos tuvieron a Ana Frank, esta frontera tiene una cantidad de j\u00f3venes rebeldes que escriben todos los d\u00edas para que la memoria nunca desaparezca. Aqu\u00ed, lo m\u00e1s importante no es la fama, ni siquiera el dinero, porque existe un lapso que los une a decir lo que sienten en sus a\u00f1os de vida transfronteriza. La sangre que les corre por las venas est\u00e1 en deuda con esta pacha mama que los vio nacer, que sus gobernantes disimulan y que sus identidades los moviliza.<\/p>\n<p>C\u00facuta y el \u00c1rea Metropolitana est\u00e1n agobiadas por la violencia de la franquicia paramilitar, pero no tanto como lo es por el Gobierno y su ramificaci\u00f3n de corrupci\u00f3n que solo agrede a los m\u00e1s pobres, porque siempre los jueces terminan dando casas por c\u00e1rceles, beneficios y otros incentivos, cuando al pueblo solo le quedan el desfalco y las necesidades.<\/p>\n<p>Cuando los gobiernos, la televisi\u00f3n, la radio y otros medios de comunicaci\u00f3n callan la verdad, los narradores de frontera salen a flote, a decir la verdad,&nbsp; tambi\u00e9n a ser perseguidos, a ser se\u00f1alados, porque para los injustos hay una gran necesidad de seguir en silencio. Seguramente en la mente de cada narrador sigue en pie esta frase \u00a1Nunca m\u00e1s guardaremos silencio!<\/p>\n<p>De las historias de terror, desapariciones forzadas, juvenicidios, destierros, limpiezas sociales y todas las formas conocidas de inyectar el miedo, son vividas desde peque\u00f1os por estos narradores. La frontera los oblig\u00f3 a sobrevivir en este l\u00edmite, en el que el debate es vivir en la oscuridad del silencio, callar o, simplemente, no volver a respirar.<\/p>\n<p>Esta corrupci\u00f3n que se esparce de pies a cabeza en el pa\u00eds, es nuestra verdadera guerra interna, a\u00fan m\u00e1s cruel que la que se vivi\u00f3 con las Farc. Colombianos asesinando a colombianos, gobernantes robando al pueblo colombiano, el mismo pueblo que cada cuatro a\u00f1os escoge otros dirigentes para lo mismo, para que los roben. Es un ciclo, una ruleta sin esperanza.<\/p>\n<p>El pueblo debe escuchar a sus hijos, y decir \u00a1no m\u00e1s al terror! Esa es una de las f\u00f3rmulas de salir de la crisis que afronta esta ciudad. No es necesario esperar a que los narradores tambi\u00e9n desaparezcan a ra\u00edz de las balas de la injusticia, fr\u00eda y cruel. Siempre estar\u00e1n a tiempo de cambiar el rumbo de nuestra historia, la historia de esta frontera.<\/p>\n<p>\u201cLas balas m\u00e1s mort\u00edferas no son las de hierro, sino las que est\u00e1n formadas de pensamientos vac\u00edos\u201d.<\/p>\n<p><strong>Los narradores de frontera.<\/strong><\/p>\n<p><strong>Ismael Caicedo.<\/strong><\/p>\n<p><strong><a href=\"mailto:ysmcr7@gmail.com\">ysmcr7@gmail.com<\/a><\/strong> <\/p>\n","protected":false},"excerpt":{"rendered":"<p>C\u00daCUTA.- En un d\u00eda desconocido de 1945, Ana Frank, la ni\u00f1a jud\u00eda de 15 a\u00f1os que sufri\u00f3, luch\u00f3, resisti\u00f3 y escribi\u00f3 en el anexo de un edificio en \u00c1msterdam (Holanda), mor\u00eda de pulmon\u00eda a ra\u00edz de la estad\u00eda en un campo de concentraci\u00f3n Nazi en Bergen-Belsen (Alemania).&nbsp; No es necesario profundizar en el genocidio jud\u00edo &hellip;<\/p>\n","protected":false},"author":1,"featured_media":31737,"comment_status":"open","ping_status":"open","sticky":false,"template":"","format":"standard","meta":{"footnotes":""},"categories":[74,4],"tags":[2597,2483,4021,161],"class_list":["post-31736","post","type-post","status-publish","format-standard","has-post-thumbnail","hentry","category-aula-universitaria","category-barra","tag-aula-universitaria","tag-crisis-en-la-frontera","tag-narradores-de-frontera","tag-universidad-de-pamplona"],"_links":{"self":[{"href":"https:\/\/contraluzcucuta.co\/index.php?rest_route=\/wp\/v2\/posts\/31736","targetHints":{"allow":["GET"]}}],"collection":[{"href":"https:\/\/contraluzcucuta.co\/index.php?rest_route=\/wp\/v2\/posts"}],"about":[{"href":"https:\/\/contraluzcucuta.co\/index.php?rest_route=\/wp\/v2\/types\/post"}],"author":[{"embeddable":true,"href":"https:\/\/contraluzcucuta.co\/index.php?rest_route=\/wp\/v2\/users\/1"}],"replies":[{"embeddable":true,"href":"https:\/\/contraluzcucuta.co\/index.php?rest_route=%2Fwp%2Fv2%2Fcomments&post=31736"}],"version-history":[{"count":1,"href":"https:\/\/contraluzcucuta.co\/index.php?rest_route=\/wp\/v2\/posts\/31736\/revisions"}],"predecessor-version":[{"id":31738,"href":"https:\/\/contraluzcucuta.co\/index.php?rest_route=\/wp\/v2\/posts\/31736\/revisions\/31738"}],"wp:featuredmedia":[{"embeddable":true,"href":"https:\/\/contraluzcucuta.co\/index.php?rest_route=\/wp\/v2\/media\/31737"}],"wp:attachment":[{"href":"https:\/\/contraluzcucuta.co\/index.php?rest_route=%2Fwp%2Fv2%2Fmedia&parent=31736"}],"wp:term":[{"taxonomy":"category","embeddable":true,"href":"https:\/\/contraluzcucuta.co\/index.php?rest_route=%2Fwp%2Fv2%2Fcategories&post=31736"},{"taxonomy":"post_tag","embeddable":true,"href":"https:\/\/contraluzcucuta.co\/index.php?rest_route=%2Fwp%2Fv2%2Ftags&post=31736"}],"curies":[{"name":"wp","href":"https:\/\/api.w.org\/{rel}","templated":true}]}}