{"id":31715,"date":"2018-01-24T21:35:08","date_gmt":"2018-01-25T02:35:08","guid":{"rendered":"http:\/\/contraluzcucuta.co\/?p=31715"},"modified":"2018-01-24T21:35:08","modified_gmt":"2018-01-25T02:35:08","slug":"actualidad-alvaro-uribe-visito-cucuta","status":"publish","type":"post","link":"https:\/\/contraluzcucuta.co\/?p=31715","title":{"rendered":"ACTUALIDAD. \u00c1lvaro Uribe visit\u00f3 a C\u00facuta"},"content":{"rendered":"<p style=\"padding-left: 30px;\"><span style=\"color: #ff6600;\">\u00c1lvaro Uribe V\u00e9lez, jefe del movimiento pol\u00edtico colombiano Centro Democr\u00e1tico, visit\u00f3 la semana pasada la ciudad y asisti\u00f3 a los actos pol\u00edticos que los seguidores le prepararon con motivo del debate electoral que se avecina, a mediados de marzo, para elegir senadores y representantes a la C\u00e1mara.<\/span><\/p>\n<p>Los actos preparados al respecto se cumplieron en medio de asistencias multitudinarias de seguidores y amigos. En el almuerzo que se le ofreci\u00f3 en el Hotel Casino Internacional la asistencia sobrepas\u00f3 la cifra de 500, cada uno pag\u00f3 $ 50.000. Aqu\u00ed, con una gran demostraci\u00f3n de versatilidad pol\u00edtica, hizo la presentaci\u00f3n del movimiento y de dirigentes y candidatos al Senado y C\u00e1mara de Representantes, con un corto an\u00e1lisis de cada uno de&nbsp; los aspirantes.<\/p>\n<p>El organizador de los actos fue el dirigente del movimiento en el departamento, Andr\u00e9s Hoyos Arenas, quien fue discreto en todas las actuaciones, para evitar herir susceptibilidades, innecesariamente.<\/p>\n<p>La media docena de candidatos a las corporaciones p\u00fablicas se hicieron presentes y de muchas maneras manifestaron cu\u00e1les son sus aspiraciones. Algunos han figurado, recientemente, en movimientos pol\u00edticos diferentes, en ocasiones anteriores.<\/p>\n<p>Uribe V\u00e9lez contin\u00faa demostrando que es verdadero caudillo pol\u00edtico, quien orienta y dirige un vigoroso movimiento, que seguramente elegir\u00e1 el pr\u00f3ximo presidente de la rep\u00fablica. Continuar\u00e1 orientando la pol\u00edtica colombiana, por varios a\u00f1os.<\/p>\n<p>En buena hora para Colombia hay un movimiento pol\u00edtico y un dirigente que lo orienta en buena manera, para bien de la naci\u00f3n, entre tantos grupos de orientaci\u00f3n indefinida, que dividen en vez de aglutinar las fuerzas progresistas.<\/p>\n<p>La mayor\u00eda de los dirigentes del movimiento son personas nuevas en pol\u00edtica y libres de los rezagos y las ma\u00f1as de la vieja militancia, que es lo que el pueblo quiere ver, para hacer la renovaci\u00f3n de las costumbres y pr\u00e1cticas viciadas de la vieja pol\u00edtica colombiana.<\/p>\n<p>El fervoroso apoyo multitudinario del pueblo a los planteamientos y a la persona de \u00c1lvaro Uribe V\u00e9lez, como no se ve\u00eda hace algunos a\u00f1os, indica a las claras que este dirigente pol\u00edtico es un verdadero caudillo, con larga experiencia y un futuro a\u00fan presente, en las batallas pol\u00edticas del futuro.<\/p>\n<p><strong>PABLO EMILIO RAM\u00cdREZ <\/strong> <\/p>\n","protected":false},"excerpt":{"rendered":"<p>\u00c1lvaro Uribe V\u00e9lez, jefe del movimiento pol\u00edtico colombiano Centro Democr\u00e1tico, visit\u00f3 la semana pasada la ciudad y asisti\u00f3 a los actos pol\u00edticos que los seguidores le prepararon con motivo del debate electoral que se avecina, a mediados de marzo, para elegir senadores y representantes a la C\u00e1mara. Los actos preparados al respecto se cumplieron en &hellip;<\/p>\n","protected":false},"author":1,"featured_media":31717,"comment_status":"open","ping_status":"open","sticky":false,"template":"","format":"standard","meta":{"footnotes":""},"categories":[14,4],"tags":[4012,739,3989,3430],"class_list":["post-31715","post","type-post","status-publish","format-standard","has-post-thumbnail","hentry","category-articulistas","category-barra","tag-actualidad-politica","tag-alvaro-uribe-velez","tag-elecciones-2018","tag-pablo-emilio-ramirez"],"_links":{"self":[{"href":"https:\/\/contraluzcucuta.co\/index.php?rest_route=\/wp\/v2\/posts\/31715","targetHints":{"allow":["GET"]}}],"collection":[{"href":"https:\/\/contraluzcucuta.co\/index.php?rest_route=\/wp\/v2\/posts"}],"about":[{"href":"https:\/\/contraluzcucuta.co\/index.php?rest_route=\/wp\/v2\/types\/post"}],"author":[{"embeddable":true,"href":"https:\/\/contraluzcucuta.co\/index.php?rest_route=\/wp\/v2\/users\/1"}],"replies":[{"embeddable":true,"href":"https:\/\/contraluzcucuta.co\/index.php?rest_route=%2Fwp%2Fv2%2Fcomments&post=31715"}],"version-history":[{"count":1,"href":"https:\/\/contraluzcucuta.co\/index.php?rest_route=\/wp\/v2\/posts\/31715\/revisions"}],"predecessor-version":[{"id":31718,"href":"https:\/\/contraluzcucuta.co\/index.php?rest_route=\/wp\/v2\/posts\/31715\/revisions\/31718"}],"wp:featuredmedia":[{"embeddable":true,"href":"https:\/\/contraluzcucuta.co\/index.php?rest_route=\/wp\/v2\/media\/31717"}],"wp:attachment":[{"href":"https:\/\/contraluzcucuta.co\/index.php?rest_route=%2Fwp%2Fv2%2Fmedia&parent=31715"}],"wp:term":[{"taxonomy":"category","embeddable":true,"href":"https:\/\/contraluzcucuta.co\/index.php?rest_route=%2Fwp%2Fv2%2Fcategories&post=31715"},{"taxonomy":"post_tag","embeddable":true,"href":"https:\/\/contraluzcucuta.co\/index.php?rest_route=%2Fwp%2Fv2%2Ftags&post=31715"}],"curies":[{"name":"wp","href":"https:\/\/api.w.org\/{rel}","templated":true}]}}