{"id":31703,"date":"2018-01-22T21:25:40","date_gmt":"2018-01-23T02:25:40","guid":{"rendered":"http:\/\/contraluzcucuta.co\/?p=31703"},"modified":"2018-01-22T22:21:11","modified_gmt":"2018-01-23T03:21:11","slug":"mano-mano-con-luis-gamarra-considero-una-persona-con-grandes-suenos","status":"publish","type":"post","link":"https:\/\/contraluzcucuta.co\/?p=31703","title":{"rendered":"MANO A MANO CON LUIS GAMARRA: Me considero una persona con grandes sue\u00f1os    \u00a0"},"content":{"rendered":"<p style=\"padding-left: 30px;\"><span style=\"color: #ff6600;\"><strong>C\u00daCUTA.-<\/strong> Luis Gamarra es boliviano. En una \u00e9poca practic\u00f3 la gimnasia y le qued\u00f3 el gusto por esta disciplina. Ahora, se desempe\u00f1a como entrenador de este deporte &nbsp;y tiene como meta planteada buscar un cupo a Juegos Ol\u00edmpicos. Para cumplir esos anhelos se vino hasta C\u00facuta para aprender de los gimnastas locales y emular a Jossimar Calvo.<\/span><\/p>\n<p><strong>\u00bfC\u00f3mo inici\u00f3 su historia en la gimnasia boliviana? <\/strong><\/p>\n<p>Fui gimnasta antes de ser entrenador. Comenc\u00e9 a los 12 a\u00f1os, van a ser 18 a\u00f1os vinculado a la gimnasia.<\/p>\n<p><strong>\u00bfQu\u00e9 recuerda de la \u00e9poca como gimnasta?<\/strong><\/p>\n<p>Fue la \u00e9poca m\u00e1s divertida para m\u00ed. Me gustaba competir, los entrenamientos y m\u00e1s que todo disfrutaba los Viajes.<\/p>\n<p><strong>\u00bfDe qu\u00e9 manera disfrut\u00f3 la \u00e9poca de gimnasia?<\/strong><\/p>\n<p>Siempre que llegaba a competir en los torneos internacionales me gustaba el olor de los aparatos nuevos. Eso era de lo que m\u00e1s disfrutaba, adem\u00e1s de la vibra que se percib\u00eda en esas competencias.<\/p>\n<p><strong>\u00bfSu logro m\u00e1s importante en esa etapa?<\/strong><\/p>\n<p>Lastimosamente, no pude sacar medallas en el \u00e1mbito internacional. Pero mi mayor logro fue s\u00e9ptimo en una final.<\/p>\n<p><strong>\u00bfC\u00f3mo considera a la gimnasia de Bolivia?<\/strong><\/p>\n<p>Estamos quedados respecto a los dem\u00e1s pa\u00edses. Ahora, con las nuevas modalidades de gimnasia, se est\u00e1 dando m\u00e1s masificaci\u00f3n. No era un Deporte conocido en mi pa\u00eds hasta hace 5 o 6 a\u00f1os. Con las nuevas gestiones que ha hecho la Federaci\u00f3n Boliviana de llevar competencias internacionales la poblaci\u00f3n empez\u00f3 a conocer. Hemos tenido la oportunidad de tener torneos nacionales en los que el m\u00e1ximo de aficionados era de 100, pero gracias a la gesti\u00f3n hemos tenido hasta 400 en un solo evento.<\/p>\n<p>En cuanto al nivel es algo m\u00e1s complicado. Necesitamos planificaci\u00f3n, capacitaciones para entrenadores que poco a poco se ha cumplido. Muchos se han capacitado con la Federaci\u00f3n Internacional de Gimnasia. Cultivar un gimnasta requiere de por lo menos 8 a\u00f1os de preparaci\u00f3n.<\/p>\n<p><strong>\u00bfC\u00f3mo es la preparaci\u00f3n de un gimnasta boliviano?<\/strong><\/p>\n<p>Todo empieza con el talento que tengan. Recibimos ni\u00f1os desde los 4 a\u00f1os y ah\u00ed los que destacan son aquellos a los que les gusta el deporte y tienen cualidades. A partir de los 8 a\u00f1os, se empieza con la preparaci\u00f3n y no tanto en el enfoque recreativo. Apenas se est\u00e1 empezando con este proceso.<\/p>\n<p><strong>\u00bfQue tanto le aporta Bolivia a la gimnasia Latinoamericana?<\/strong><\/p>\n<p>Todav\u00eda no aportamos mucho. Tenemos en la categor\u00eda mayor dos gimnastas que empiezan a sobresalir. En juveniles, m\u00e1ximo dos, uno est\u00e1 ac\u00e1 en C\u00facuta y el otro, en Bolivia. Como equipo, a nivel latinoamericano o sudamericano, nos encontramos quedados.<\/p>\n<p><strong>\u00bfPorque la delegaci\u00f3n boliviana lleg\u00f3 con un solo deportista?<\/strong><\/p>\n<p>En primer lugar, no contamos con un equipo como otros pa\u00edses. Segundo, tiene que ver con el presupuesto en la Federaci\u00f3n. Muchas veces solo alcanza para mandarnos a eventos internacionales. Es complicado que manden delegaciones. S\u00ed se ha hecho, pero por intermedio del Gobierno. El a\u00f1o pasado viaj\u00f3 una delegaci\u00f3n dos veces a China. Estuvieron de cuatro a seis meses.<\/p>\n<p><strong>\u00bfC\u00f3mo se visualizan desde la Federaci\u00f3n&nbsp; con los gimnastas que tienen?<\/strong><\/p>\n<p>A nivel federativo se ha mejorado el tema de hacer conocer a la gimnasia. Ahora, estamos con la masificaci\u00f3n del deporte para empezar a hacer selecci\u00f3n de talentos y una vez que se culmine con la selecci\u00f3n viene el trabajo de explotar los talentos. Todo este proceso lleva. Para formar un gimnasta se requieren 8 a\u00f1os, con el proyecto esperamos que sean 5 a\u00f1os de formaci\u00f3n. Esperamos en los pr\u00f3ximos 5 o 10 a\u00f1os competir a la par con las potencias latinoamericanas. Le apuntamos a dejar de ser los \u00faltimos en la lista y que Bolivia se convierta en fuerte en el continente.<\/p>\n<p><strong>\u00bfSe siente m\u00e1s c\u00f3modo con un gimnasta o le gusta manejar grupos?<\/strong><\/p>\n<p>No s\u00e9 si f\u00e1cil o dif\u00edcil, pero el trabajo con un gimnasta se hace personalizado. Generalmente, como lo dice el profesor Ruiz, en selecciones hay un gimnasta con dos entrenadores y resulta productivo el trabajo. Esto si se mira&nbsp; desde el punto de vista del entrenador. Desde la perspectiva del gimnasta, se hace m\u00e1s ameno que&nbsp; tenga un compa\u00f1ero o un equipo para distraerse. Que muchas veces no es lo ideal, pero esto al gimnasta le ayuda mucho en su parte an\u00edmica y psicol\u00f3gica. Muchas veces el trabajo, uno a uno, se torna intenso y se puede saturar al gimnasta. Todo depende de c\u00f3mo se lleve el trabajo individual y grupal.<\/p>\n<p><strong>\u00bfC\u00f3mo manejan el entrenamiento invisible?<\/strong><\/p>\n<p>No estamos avanzados en ese asunto. Lo manejamos con charlas con el gimnasta. Manejamos m\u00e1s que toda la concentraci\u00f3n y todo lo referente a la repetici\u00f3n mental.&nbsp; El tema de la alimentaci\u00f3n la estamos llevando cuidadosamente.<\/p>\n<p><strong>\u00bfDesde hace cu\u00e1nto L\u00edan Urquidi en la Gimnasia?<\/strong><\/p>\n<p>L\u00edan empez\u00f3 a trabajar desde jovencito. Estuvo un a\u00f1o en Argentina y como quer\u00eda m\u00e1s vino el a\u00f1o pasado a C\u00facuta. Mejor\u00f3. Referente al entrenador que ten\u00eda me cuentan que el seguimiento pudo haber sido mejor. Ahora, le apostamos a entrenar ac\u00e1 dos meses y continuar el entrenamiento. Incluso sus padres piensan en mudarse de ciudad para que tenga un lugar m\u00e1s apropiado para entrenar. Esperemos que los objetivos este a\u00f1o se &nbsp;cumplan y en caso de no ser as\u00ed, &nbsp;estar satisfechos con lo que se ha hecho.<\/p>\n<p><strong>\u00bfC\u00f3mo es la relaci\u00f3n de usted como entrenador con L\u00edan Urquidi?<\/strong><\/p>\n<p>Apenas nos estamos conociendo. Lo conozco poco, apenas estoy aprendiendo c\u00f3mo es, c\u00f3mo es su car\u00e1cter, eso tenemos que ir manej\u00e1ndolo con el tiempo. Al principio era reservado, de a poco se va abriendo, va dejando la timidez, r\u00ede m\u00e1s pero, eso va ligado al tiempo.<\/p>\n<p><strong>\u00bfQu\u00e9 le falta a la gimnasia boliviana para hacer un aporte significativo a Latinoam\u00e9rica?<\/strong><\/p>\n<p>Faltan compromiso y sacrificio&nbsp; con el entrenamiento y contar con gente que sue\u00f1e que s\u00ed se puede llegar a formar un competidor que est\u00e9 a la altura de Colombia, Brasil, Argentina.<\/p>\n<p><strong>\u00bfQu\u00e9 metas tienen para este 2018?<\/strong><\/p>\n<p>Luchar por un cupo a los Ol\u00edmpicos Juveniles es el objetivo m\u00e1s grande. Y colarnos en alguna final del sudamericano que viene a fin de a\u00f1o y pues aspirar tambi\u00e9n por una medalla que ser\u00eda algo hist\u00f3rico en la gimnasia masculina de Bolivia.<\/p>\n<p><strong>\u00bfC\u00f3mo se puede definir al profesor Luis Gamarra?<\/strong><\/p>\n<p>Me considero una persona con sue\u00f1os grandes y encontr\u00e9 personas que tienen o por lo menos aspirar a&nbsp; sue\u00f1os grandes al igual que yo y bueno por eso estamos aqu\u00ed.<\/p>\n<p><strong>\u00bfQu\u00e9 tan importante es para el crecimiento de L\u00edan y para usted como<\/strong> <strong>entrenador compartir entrenamientos con Jossimar Calvo, el profesor Jairo Ruiz y todo su equipo de trabajo?<\/strong><\/p>\n<p>Es una experiencia que se halla mucho en pa\u00edses europeos o en Pa\u00edses comoEstados Unidos. Para m\u00ed fue una gran experiencia llegar a C\u00facuta y encontrarme con Jairo y todo su equipo de trabajo que tiene y bueno ah\u00ed se ve reflejado mucho de los resultados. Es un trabajo en conjunto no es como en otros pa\u00edses como Bolivia que el entrenador tambi\u00e9n cumple funciones de psic\u00f3logo, de fisioterapeuta en fin de todo. Es inspirador. Porque sabemos que el profesor Jairo ha trabajado muy duro y ha luchado durante a\u00f1os as\u00ed que esto son sus frutos.<\/p>\n<p>JORDY ORLANDO CRUZ&nbsp; <\/p>\n","protected":false},"excerpt":{"rendered":"<p>C\u00daCUTA.- Luis Gamarra es boliviano. En una \u00e9poca practic\u00f3 la gimnasia y le qued\u00f3 el gusto por esta disciplina. Ahora, se desempe\u00f1a como entrenador de este deporte &nbsp;y tiene como meta planteada buscar un cupo a Juegos Ol\u00edmpicos. Para cumplir esos anhelos se vino hasta C\u00facuta para aprender de los gimnastas locales y emular a &hellip;<\/p>\n","protected":false},"author":1,"featured_media":31704,"comment_status":"open","ping_status":"open","sticky":false,"template":"","format":"standard","meta":{"footnotes":""},"categories":[4,28],"tags":[1605],"class_list":["post-31703","post","type-post","status-publish","format-standard","has-post-thumbnail","hentry","category-barra","category-vistazo-deportivo","tag-gimnasia-de-norte-de-santander"],"_links":{"self":[{"href":"https:\/\/contraluzcucuta.co\/index.php?rest_route=\/wp\/v2\/posts\/31703","targetHints":{"allow":["GET"]}}],"collection":[{"href":"https:\/\/contraluzcucuta.co\/index.php?rest_route=\/wp\/v2\/posts"}],"about":[{"href":"https:\/\/contraluzcucuta.co\/index.php?rest_route=\/wp\/v2\/types\/post"}],"author":[{"embeddable":true,"href":"https:\/\/contraluzcucuta.co\/index.php?rest_route=\/wp\/v2\/users\/1"}],"replies":[{"embeddable":true,"href":"https:\/\/contraluzcucuta.co\/index.php?rest_route=%2Fwp%2Fv2%2Fcomments&post=31703"}],"version-history":[{"count":2,"href":"https:\/\/contraluzcucuta.co\/index.php?rest_route=\/wp\/v2\/posts\/31703\/revisions"}],"predecessor-version":[{"id":31708,"href":"https:\/\/contraluzcucuta.co\/index.php?rest_route=\/wp\/v2\/posts\/31703\/revisions\/31708"}],"wp:featuredmedia":[{"embeddable":true,"href":"https:\/\/contraluzcucuta.co\/index.php?rest_route=\/wp\/v2\/media\/31704"}],"wp:attachment":[{"href":"https:\/\/contraluzcucuta.co\/index.php?rest_route=%2Fwp%2Fv2%2Fmedia&parent=31703"}],"wp:term":[{"taxonomy":"category","embeddable":true,"href":"https:\/\/contraluzcucuta.co\/index.php?rest_route=%2Fwp%2Fv2%2Fcategories&post=31703"},{"taxonomy":"post_tag","embeddable":true,"href":"https:\/\/contraluzcucuta.co\/index.php?rest_route=%2Fwp%2Fv2%2Ftags&post=31703"}],"curies":[{"name":"wp","href":"https:\/\/api.w.org\/{rel}","templated":true}]}}