{"id":31700,"date":"2018-01-22T20:32:56","date_gmt":"2018-01-23T01:32:56","guid":{"rendered":"http:\/\/contraluzcucuta.co\/?p=31700"},"modified":"2018-01-22T20:32:56","modified_gmt":"2018-01-23T01:32:56","slug":"notas-al-margen-la-falta-de-union-y-entusiasmo-fraternal-entre-venezuela-y-colombia","status":"publish","type":"post","link":"https:\/\/contraluzcucuta.co\/?p=31700","title":{"rendered":"NOTAS AL MARGEN. La falta de uni\u00f3n y entusiasmo fraternal entre Venezuela y Colombia"},"content":{"rendered":"<p style=\"padding-left: 30px;\"><span style=\"color: #ff6600;\">1.- Pr\u00f3ximo el cumplimiento del primer mes del a\u00f1o, y como si fuera mejor seguir esperando y no hacer lo que es urgente armar y estructurar, observamos que&nbsp; se sigue&nbsp; divagando y no d\u00e1ndole tiempo y paso a la conformaci\u00f3n de una verdadera y autentica acci\u00f3n integradora y sustentada&nbsp; en&nbsp; un nuevo pensamiento y&nbsp; un agitar de masas que permita al conjunto&nbsp; captar la urgencia y la necesidad de adoptar y asumir&nbsp; nuevas conductas y par\u00e1metros, en procura&nbsp; de una orientaci\u00f3n hacia el futuro, que est\u00e9 cimentada y apoyada por obvios enfoques y an\u00e1lisis por parte de quienes sustenten&nbsp; una visi\u00f3n de realidades y una conducta&nbsp; colectiva, m\u00e1s acorde con las opciones que se han venido estudiando y surgiendo ante el irrumpir de hechos y situaciones con grandes implicaciones.<\/span><\/p>\n<p>Los incre\u00edbles cambios suscitados en Venezuela, los manejos y las peripecias en el desenvolvimiento econ\u00f3mico, con sus implicaciones en lo social y pol\u00edtico, m\u00e1s la actitud de no otorgar manifiesta&nbsp; importancia y atenci\u00f3n a todo lo que significa la integraci\u00f3n y, especialmente,&nbsp; con su&nbsp; vecino, hermano y socio de&nbsp; m\u00e1s de un centenar de a\u00f1os, est\u00e1&nbsp; creando paradigmas y situaciones que ubican a la patria de Bol\u00edvar, con mayor preocupaci\u00f3n e inter\u00e9s con la China, Rusia, Cuba y otros pa\u00edses, olvidando y distrayendo opciones que si se ponen en marcha, no solo constituir\u00e1n paradigmas integracionistas, con resultados positivos, sino un enmarcamiento de prerrogativas de primer orden, para los que se unan e integren a ese prop\u00f3sito que espera y necesita todo el contexto de Am\u00e9rica.<\/p>\n<p>2.- Es necesario destacar lo anterior, porque no se podr\u00e1 continuar esperando a que cambien las actitudes, gestos y&nbsp; posturas cuando los actos y pol\u00edticas centrales de los gobiernos, cuando se refieren a lo m\u00e1s nuestro de la integraci\u00f3n y de la confraternidad, actuando&nbsp; precipitada y&nbsp; escandalosamente con&nbsp; expresiones sin consonancia&nbsp; y&nbsp; realismo, al ordenar&nbsp; el&nbsp; cierre de fronteras&nbsp; y pasan a\u00f1os, meses, semanas y d\u00edas sin que se eval\u00fae, valore&nbsp; y proyecte lo que significa y representa semejante atentado a la uni\u00f3n, al progreso compartido y el obrar con visi\u00f3n internacional. Cuando en lo bilateral hay m\u00faltiples tareas por cumplir.&nbsp;&nbsp; \u00bfHay acaso &#8211; en los \u00faltimos a\u00f1os &#8211; m\u00e1s carreteras que nos unan y enlacen? \u00bfHay inter\u00e9s en&nbsp; volver al ferrocarril y buscar nuevos empalmes y&nbsp; conexiones? \u00bfCu\u00e1ntos son los contactos a\u00e9reos?<\/p>\n<p>Hay tal indiferencia sobre las fronteras, que la terminaci\u00f3n de las obras y proyecciones del Puente de Tienditas parecieran no registrar apoyos, ni respaldos, porque sigue sin uso ni proyecci\u00f3n.&nbsp;&nbsp;<\/p>\n<p>3.- Callarnos, cuando captamos y observamos vac\u00edos y&nbsp; errores no solo may\u00fasculos, sino inoperantes actitudes y medidas, porque lo que hay solo traduce y representa&nbsp; que hay errores u olvidos&nbsp; de talla mayor y hasta ahora no resueltos &#8211; por la c\u00fapula que determina y gobierna los desenvolvimientos nacionales. Ser\u00eda tanto como apreciar y no decir nada, ni proceder a una reacci\u00f3n que permita constatar que hay desajustes y&nbsp; hechos que obligan a no desestimar&nbsp; la uni\u00f3n de opciones evolutivas y transformantes, con quienes&nbsp; han sido hermanos, pero no captados, ni entendidos como tales, porque a la <em>colombovenezolaneidad&nbsp; <\/em>no se le ha dado la importancia y trascendencia, que exige y necesita esta mancomunidad de hechos y presencias, que nos permiti\u00f3 la libertad&nbsp; y el irrumpir ante el concierto mundial. Por eso \u00bfNo es acaso indispensable y urgente, el propiciar un cambio&nbsp; y retornar a la misi\u00f3n que nos fue asignada desde el comienzo de la historia, pero con sinceridad, entusiasmo y sin olvidar el c\u00famulo de realidades que debemos encausar y proyectar? \u00bfPor qu\u00e9 no insistir en la uni\u00f3n y la labor compartida?&nbsp; \u00bfPor qu\u00e9 no amarrar esa uni\u00f3n, con la consolidaci\u00f3n y proyecci\u00f3n de las fronteras?<\/p>\n<p><strong>JOS\u00c9 NEIRA REY<\/strong><\/p>\n<p><strong><a href=\"mailto:jneirarey@hotmail.com\">jneirarey@hotmail.com<\/a><\/strong> <\/p>\n","protected":false},"excerpt":{"rendered":"<p>1.- Pr\u00f3ximo el cumplimiento del primer mes del a\u00f1o, y como si fuera mejor seguir esperando y no hacer lo que es urgente armar y estructurar, observamos que&nbsp; se sigue&nbsp; divagando y no d\u00e1ndole tiempo y paso a la conformaci\u00f3n de una verdadera y autentica acci\u00f3n integradora y sustentada&nbsp; en&nbsp; un nuevo pensamiento y&nbsp; un &hellip;<\/p>\n","protected":false},"author":1,"featured_media":31701,"comment_status":"open","ping_status":"open","sticky":false,"template":"","format":"standard","meta":{"footnotes":""},"categories":[14,4],"tags":[2483,382,956],"class_list":["post-31700","post","type-post","status-publish","format-standard","has-post-thumbnail","hentry","category-articulistas","category-barra","tag-crisis-en-la-frontera","tag-jose-neira","tag-notas-al-margen"],"_links":{"self":[{"href":"https:\/\/contraluzcucuta.co\/index.php?rest_route=\/wp\/v2\/posts\/31700","targetHints":{"allow":["GET"]}}],"collection":[{"href":"https:\/\/contraluzcucuta.co\/index.php?rest_route=\/wp\/v2\/posts"}],"about":[{"href":"https:\/\/contraluzcucuta.co\/index.php?rest_route=\/wp\/v2\/types\/post"}],"author":[{"embeddable":true,"href":"https:\/\/contraluzcucuta.co\/index.php?rest_route=\/wp\/v2\/users\/1"}],"replies":[{"embeddable":true,"href":"https:\/\/contraluzcucuta.co\/index.php?rest_route=%2Fwp%2Fv2%2Fcomments&post=31700"}],"version-history":[{"count":1,"href":"https:\/\/contraluzcucuta.co\/index.php?rest_route=\/wp\/v2\/posts\/31700\/revisions"}],"predecessor-version":[{"id":31702,"href":"https:\/\/contraluzcucuta.co\/index.php?rest_route=\/wp\/v2\/posts\/31700\/revisions\/31702"}],"wp:featuredmedia":[{"embeddable":true,"href":"https:\/\/contraluzcucuta.co\/index.php?rest_route=\/wp\/v2\/media\/31701"}],"wp:attachment":[{"href":"https:\/\/contraluzcucuta.co\/index.php?rest_route=%2Fwp%2Fv2%2Fmedia&parent=31700"}],"wp:term":[{"taxonomy":"category","embeddable":true,"href":"https:\/\/contraluzcucuta.co\/index.php?rest_route=%2Fwp%2Fv2%2Fcategories&post=31700"},{"taxonomy":"post_tag","embeddable":true,"href":"https:\/\/contraluzcucuta.co\/index.php?rest_route=%2Fwp%2Fv2%2Ftags&post=31700"}],"curies":[{"name":"wp","href":"https:\/\/api.w.org\/{rel}","templated":true}]}}