{"id":31694,"date":"2018-01-22T19:19:55","date_gmt":"2018-01-23T00:19:55","guid":{"rendered":"http:\/\/contraluzcucuta.co\/?p=31694"},"modified":"2018-01-22T19:19:55","modified_gmt":"2018-01-23T00:19:55","slug":"colombiatex-2018-norte-de-santander-estara-representado-por-322-empresarios","status":"publish","type":"post","link":"https:\/\/contraluzcucuta.co\/?p=31694","title":{"rendered":"COLOMBIATEX 2018. Norte de Santander estar\u00e1 representado por 322 empresarios"},"content":{"rendered":"<p style=\"padding-left: 30px;\"><span style=\"color: #ff6600;\"><strong>C\u00daCUTA.-<\/strong> 322 empresarios nortesantandereanos, pertenecientes al Cl\u00faster El Norte de la Moda, participar\u00e1n en Colombiatex de las Am\u00e9ricas 2018, el HUB de negocios de Latinoam\u00e9rica para el Sistema Moda. La actividad se cumplir\u00e1 en &nbsp;la Plaza Mayor de Medell\u00edn, del 23 al 25 de enero.<\/span><\/p>\n<p>Los representantes regionales, colaboradores y clientes tendr\u00e1n entradas gratuitas a la feria, luego de la alianza pactada entre Inexmoda con la C\u00e1mara de Comercio de C\u00facuta.<\/p>\n<p>Los asistentes encontraran lo relacionado con las \u00faltimas tendencias en&nbsp; textiles, insumos para la confecci\u00f3n, maquinaria, procesos de acabados textiles (tintorer\u00eda, sublimaci\u00f3n, estampaci\u00f3n, impresi\u00f3n digital, lavander\u00eda, etc\u00e9tera), insumos qu\u00edmicos, fibras textiles, hilazas, hilados e hilos. Entre los servicios especializados habr\u00e1 softwares, asociaciones sectoriales, log\u00edstica y sistemas de informaci\u00f3n.<\/p>\n<p>Por intermedio de la C\u00e1mara, y por primera vez en la historia, empresarios de la regi\u00f3n efectuar\u00e1n una visita t\u00e9cnica a Texmaquila, la planta de producci\u00f3n m\u00e1s grande del pa\u00eds. La empresa ofrece un portafolio de servicios de patronaje, corte, confecci\u00f3n y terminaci\u00f3n al extenso grupo de clientes, entre los que se encuentran marcas internacionales.<\/p>\n<p>El objetivo del recorrido es mostrarles a los empresarios del sector moda un universo m\u00e1s amplio en cuanto a la manufactura en Colombia, y buscar que puedan obtener herramientas de aprendizaje que generen crecimiento para las empresas.<\/p>\n<p><strong>Brigada de Formalizaci\u00f3n<\/strong><\/p>\n<p>La brigada de formalizaci\u00f3n empresarial de la C\u00e1mara de Comercio de C\u00facuta recorre las 10 comunas de la ciudad con el fin de abordar a los empresarios y brindarles asesor\u00eda sobre la Renovaci\u00f3n de Registro Mercantil.<\/p>\n<p>En la primera fase, los 12 brigadistas, debidamente identificados, entregaron a los comerciantes informaci\u00f3n y documentaci\u00f3n escrita sobre el proceso.<\/p>\n<p>Renovar antes del 31 de marzo es el respaldo que tiene cada empresario para insertarse en nuevos mercados y relacionarse con otras empresas que forman parte de los eslabones de las cadenas productivas.<\/p>\n<p>Entre los beneficios que ofrece la Formalizaci\u00f3n est\u00e1n:<\/p>\n<p>1.- Es m\u00e1s una obligaci\u00f3n del mercado, que una obligaci\u00f3n legal para poder competir.<\/p>\n<p>2.- Le permite al empresario ser miembro activo de la comunidad empresarial<\/p>\n<p>3.- Poder utilizar el registro como carta de presentaci\u00f3n frente a clientes, entidades financieras, proveedores, inversionistas, empleados y organismos gubernamentales. <\/p>\n","protected":false},"excerpt":{"rendered":"<p>C\u00daCUTA.- 322 empresarios nortesantandereanos, pertenecientes al Cl\u00faster El Norte de la Moda, participar\u00e1n en Colombiatex de las Am\u00e9ricas 2018, el HUB de negocios de Latinoam\u00e9rica para el Sistema Moda. La actividad se cumplir\u00e1 en &nbsp;la Plaza Mayor de Medell\u00edn, del 23 al 25 de enero. Los representantes regionales, colaboradores y clientes tendr\u00e1n entradas gratuitas a &hellip;<\/p>\n","protected":false},"author":1,"featured_media":31695,"comment_status":"open","ping_status":"open","sticky":false,"template":"","format":"standard","meta":{"footnotes":""},"categories":[4,6],"tags":[375,4006,4007,4008],"class_list":["post-31694","post","type-post","status-publish","format-standard","has-post-thumbnail","hentry","category-barra","category-ojo-avizor","tag-camara-de-comercio-de-cucuta","tag-colombiatex-2018","tag-empresarios-de-norte-de-santander","tag-sector-textil"],"_links":{"self":[{"href":"https:\/\/contraluzcucuta.co\/index.php?rest_route=\/wp\/v2\/posts\/31694","targetHints":{"allow":["GET"]}}],"collection":[{"href":"https:\/\/contraluzcucuta.co\/index.php?rest_route=\/wp\/v2\/posts"}],"about":[{"href":"https:\/\/contraluzcucuta.co\/index.php?rest_route=\/wp\/v2\/types\/post"}],"author":[{"embeddable":true,"href":"https:\/\/contraluzcucuta.co\/index.php?rest_route=\/wp\/v2\/users\/1"}],"replies":[{"embeddable":true,"href":"https:\/\/contraluzcucuta.co\/index.php?rest_route=%2Fwp%2Fv2%2Fcomments&post=31694"}],"version-history":[{"count":1,"href":"https:\/\/contraluzcucuta.co\/index.php?rest_route=\/wp\/v2\/posts\/31694\/revisions"}],"predecessor-version":[{"id":31696,"href":"https:\/\/contraluzcucuta.co\/index.php?rest_route=\/wp\/v2\/posts\/31694\/revisions\/31696"}],"wp:featuredmedia":[{"embeddable":true,"href":"https:\/\/contraluzcucuta.co\/index.php?rest_route=\/wp\/v2\/media\/31695"}],"wp:attachment":[{"href":"https:\/\/contraluzcucuta.co\/index.php?rest_route=%2Fwp%2Fv2%2Fmedia&parent=31694"}],"wp:term":[{"taxonomy":"category","embeddable":true,"href":"https:\/\/contraluzcucuta.co\/index.php?rest_route=%2Fwp%2Fv2%2Fcategories&post=31694"},{"taxonomy":"post_tag","embeddable":true,"href":"https:\/\/contraluzcucuta.co\/index.php?rest_route=%2Fwp%2Fv2%2Ftags&post=31694"}],"curies":[{"name":"wp","href":"https:\/\/api.w.org\/{rel}","templated":true}]}}