{"id":31681,"date":"2018-01-20T19:17:26","date_gmt":"2018-01-21T00:17:26","guid":{"rendered":"http:\/\/contraluzcucuta.co\/?p=31681"},"modified":"2018-01-20T19:17:26","modified_gmt":"2018-01-21T00:17:26","slug":"concejo-de-cucuta-diez-dias-de-extras-para-estudiar-seis-proyectos-de-acuerdo","status":"publish","type":"post","link":"https:\/\/contraluzcucuta.co\/?p=31681","title":{"rendered":"CONCEJO DE C\u00daCUTA. Diez d\u00edas de extras para estudiar seis proyectos de acuerdo"},"content":{"rendered":"<p style=\"padding-left: 30px;\"><span style=\"color: #ff6600;\"><strong>C\u00daCUTA.-<\/strong> Seis proyectos de acuerdo presentar\u00e1 el alcalde C\u00e9sar Rojas al Concejo de C\u00facuta en el primer ciclo de sesiones extras de la corporaci\u00f3n municipal. Los 19 concejales analizar\u00e1n las propuestas del gobierno local entre el 22 de enero y el 5 de febrero.<\/span><\/p>\n<p>Las iniciativas bajadas por el alcalde Rojas Ayala son las siguientes:<\/p>\n<p>1.- Conceder facultades al alcalde Cesar Rojas para enajenar a t\u00edtulo gratuito a la ESE Hospital Mental Rudesindo Soto el terreno ocupado con las mejoras.<\/p>\n<p>2.- Modificar y adicionar al Acuerdo 048 del 2016 que estableci\u00f3 los factores de subsidio y aportes solidarios para los servicios p\u00fablicos de acueducto, alcantarillado y aseo en la ciudad.<\/p>\n<p>3.- Modificar el Acuerdo 003 del 23 de febrero del 2017, que decreta unas obras por el sistema de contribuci\u00f3n de valorizaci\u00f3n por beneficio general.<\/p>\n<p>4.- Modificar el Acuerdo 025 del 29 de agosto de 2017, que concede facultades al Alcalde para crear el fondo de valorizaci\u00f3n de C\u00facuta.<\/p>\n<p>5.- Conceder facultades al Alcalde para contratar operaciones de cr\u00e9dito p\u00fablico para financiar proyectos contemplados en el Plan de Desarrollo &nbsp;2016 \u2013 2019.<\/p>\n<p>6.- Efectuar cr\u00e9ditos en el presupuesto general de rentas, recursos de capital y gastos del municipio, vigencia fiscal 2018, y comprometer vigencias futuras.<\/p>\n<p>El presidente del Concejo, Jaime Marthey, invit\u00f3 a los cucute\u00f1os a participar en las discusiones y los debates, en los que ser\u00e1n analizadas las iniciativas.<\/p>\n<p><strong>ALUMBRADO P\u00daBLICO<\/strong><\/p>\n<p>En el 2016, el Concejo aprob\u00f3 el proyecto de acuerdo 029, sancionado luego por el alcalde C\u00e9sar Rojas, para la concesi\u00f3n del sistema de alumbrado p\u00fablico del Municipio. En aplicaci\u00f3n de la disposici\u00f3n municipal, &nbsp;inici\u00f3 el cambio de luminarias de sodio por luz led o blanca en C\u00facuta.<\/p>\n<p>Este es el primer paso para masificar el sistema que se extender\u00e1 a otros sectores cucute\u00f1os. La inversi\u00f3n alcanzar\u00e1 los $ 94.000 millones. \u201cEl compromiso de la administraci\u00f3n es entregar el cambio de 50.000 bombillas a luz blanca, iluminar una ciudad que lo necesita y que servir\u00e1 para la intervenci\u00f3n de m\u00e1s de 400 parques en un tiempo de 10 meses\u201d, dijo el alcalde Rojas Ayala.<\/p>\n<p>De esta manera se desmontar\u00e1 el antiguo alumbrado, con ocho frentes de trabajo, en los diferentes sectores de la ciudad. Los habitantes de la zona rural tambi\u00e9n contar\u00e1n con luminarias nuevas. El proyecto es administrado por la Concesi\u00f3n de Alumbrado P\u00fablico San Jos\u00e9 de C\u00facuta.<\/p>\n<p>Se plantea una concesi\u00f3n a 30 a\u00f1os, que contempla la expansi\u00f3n de 30.000 bombillas en sectores que no cuentan con servicio de alumbrado. La condici\u00f3n es que al cumplir 15 a\u00f1os se haga de nuevo la renovaci\u00f3n del sistema. <\/p>\n","protected":false},"excerpt":{"rendered":"<p>C\u00daCUTA.- Seis proyectos de acuerdo presentar\u00e1 el alcalde C\u00e9sar Rojas al Concejo de C\u00facuta en el primer ciclo de sesiones extras de la corporaci\u00f3n municipal. Los 19 concejales analizar\u00e1n las propuestas del gobierno local entre el 22 de enero y el 5 de febrero. Las iniciativas bajadas por el alcalde Rojas Ayala son las siguientes: &hellip;<\/p>\n","protected":false},"author":1,"featured_media":31682,"comment_status":"open","ping_status":"open","sticky":false,"template":"","format":"standard","meta":{"footnotes":""},"categories":[4,6],"tags":[2733,456,197,4004],"class_list":["post-31681","post","type-post","status-publish","format-standard","has-post-thumbnail","hentry","category-barra","category-ojo-avizor","tag-alcalde-cesar-rojas","tag-alumbrado-publico","tag-concejo-de-cucuta","tag-proyectos-de-acuerdo"],"_links":{"self":[{"href":"https:\/\/contraluzcucuta.co\/index.php?rest_route=\/wp\/v2\/posts\/31681","targetHints":{"allow":["GET"]}}],"collection":[{"href":"https:\/\/contraluzcucuta.co\/index.php?rest_route=\/wp\/v2\/posts"}],"about":[{"href":"https:\/\/contraluzcucuta.co\/index.php?rest_route=\/wp\/v2\/types\/post"}],"author":[{"embeddable":true,"href":"https:\/\/contraluzcucuta.co\/index.php?rest_route=\/wp\/v2\/users\/1"}],"replies":[{"embeddable":true,"href":"https:\/\/contraluzcucuta.co\/index.php?rest_route=%2Fwp%2Fv2%2Fcomments&post=31681"}],"version-history":[{"count":1,"href":"https:\/\/contraluzcucuta.co\/index.php?rest_route=\/wp\/v2\/posts\/31681\/revisions"}],"predecessor-version":[{"id":31683,"href":"https:\/\/contraluzcucuta.co\/index.php?rest_route=\/wp\/v2\/posts\/31681\/revisions\/31683"}],"wp:featuredmedia":[{"embeddable":true,"href":"https:\/\/contraluzcucuta.co\/index.php?rest_route=\/wp\/v2\/media\/31682"}],"wp:attachment":[{"href":"https:\/\/contraluzcucuta.co\/index.php?rest_route=%2Fwp%2Fv2%2Fmedia&parent=31681"}],"wp:term":[{"taxonomy":"category","embeddable":true,"href":"https:\/\/contraluzcucuta.co\/index.php?rest_route=%2Fwp%2Fv2%2Fcategories&post=31681"},{"taxonomy":"post_tag","embeddable":true,"href":"https:\/\/contraluzcucuta.co\/index.php?rest_route=%2Fwp%2Fv2%2Ftags&post=31681"}],"curies":[{"name":"wp","href":"https:\/\/api.w.org\/{rel}","templated":true}]}}