{"id":31676,"date":"2018-01-20T18:42:51","date_gmt":"2018-01-20T23:42:51","guid":{"rendered":"http:\/\/contraluzcucuta.co\/?p=31676"},"modified":"2018-01-20T18:43:11","modified_gmt":"2018-01-20T23:43:11","slug":"uribe-en-la-frontera-vendio-terror-en-villa-del-rosario-e-indignacion-en-cacota","status":"publish","type":"post","link":"https:\/\/contraluzcucuta.co\/?p=31676","title":{"rendered":"URIBE EN LA FRONTERA. Vendi\u00f3 terror en Villa del Rosario e indignaci\u00f3n en C\u00e1cota"},"content":{"rendered":"<p style=\"padding-left: 30px;\"><span style=\"color: #ff6600;\"><strong>VILLA DEL ROSARIO \u2013 Norte de Santander.-<\/strong> Ante el fen\u00f3meno de migraci\u00f3n venezolana a territorio colombiano, el senador de la rep\u00fablica \u00c1lvaro Uribe V\u00e9lez, en b\u00fasqueda de los votos para su ficha presidencial Iv\u00e1n Duque, se\u00f1al\u00f3 a C\u00e1cota de Velasco como territorio del ELN. En su discurso b\u00e9lico-pol\u00edtico se dirigi\u00f3 al presidente Nicol\u00e1s Maduro asegurando derrocar su \u201cr\u00e9gimen\u201d. Tambi\u00e9n, mencion\u00f3 solucionar los problemas de los migrantes.<\/span><\/p>\n<p>En el corregimiento La Parada (Villa del Rosario) Uribe tiene un alto n\u00famero de seguidores y votantes. En este sector, hist\u00f3ricamente zona paramilitar, el expresidente decidi\u00f3 hacer la presentaci\u00f3n del candidato presidencial y formular las soluciones al viento para el conflicto de la frontera.<\/p>\n<p>En este sector no se vio cambio alguno en sus dos mandatos. Lo parad\u00f3jico es que ahora s\u00ed \u201ctrae las soluciones enumeradas\u201d para mejorar los problemas. En contraste, las bandas criminales fronterizas tienen discursos fuertes, el contrabando y los n\u00fameros del sicariato, extorsi\u00f3n y desaparici\u00f3n forzada. Un d\u00eda despu\u00e9s de la visita del senador aparecieron cuatro cuerpos sin vida. Esas muertes se las atribuyeron a grupos que se disputan el control de La Parada y el r\u00edo T\u00e1chira.<\/p>\n<p>C\u00facuta pasa por una crisis econ\u00f3mica y social atribuida por parte de los cucute\u00f1os a los venezolanos que sobreviven en las calles calientes de la capital nortesantandereana, y aparece el expresidente afirmando tener &nbsp;las soluciones que la frontera necesita.<\/p>\n<p>A este corregimiento lleg\u00f3 el senador, quien fue aclamado todav\u00eda como el \u201cpresidente de Colombia\u201d. Cuando Uribe pisaba tierras nortesantandereanas tuite\u00f3 \u201cllegamos a C\u00facuta y la primera noticia es el regreso del Eln a C\u00e1cota\u201d. Este mensaje indign\u00f3 a los cacote\u00f1os, argumentando que el senador dirigi\u00f3 palabras que destruyen la tranquilidad, la honra y el ambiente tur\u00edstico del municipio.<\/p>\n<p>Jos\u00e9 Fl\u00f3rez, presidente de la subdirectiva Asinort C\u00e1cota, asegur\u00f3 que \u201cun senador como este no sabe de la calidad humana que hay en C\u00e1cota. Viene a trinar una acusaci\u00f3n de esa magnitud, como si existieran campamentos ac\u00e1 de esa organizaci\u00f3n. Estamos indignados, porque as\u00ed no se trata a un pueblo, ni se hace campa\u00f1a pol\u00edtica para la presidencia. Estamos ofendidos\u201d.<\/p>\n<p>C\u00e1cota ha sido marginado por el Gobierno. Sobre todo en los dos mandatos de Uribe. Al municipio no le parece justo que se le se\u00f1ale de esa manera sin argumentos, cuando la actividad tur\u00edstica est\u00e1 en los mejores a\u00f1os.<\/p>\n<p>Los j\u00f3venes cacote\u00f1os tambi\u00e9n se pronunciaron al respecto. Jes\u00fas David C\u00e1ceres, l\u00edder estudiantil y social del municipio, dijo que \u201cLas blasfemias del senador Uribe solo tienen un fin y es marcar terror en Norte de Santander, para simbolizarse como el salvador de la frontera, cuando somos los j\u00f3venes quienes estamos saliendo adelante\u201d.<\/p>\n<p>C\u00e1ceres tambi\u00e9n coment\u00f3 que el senador estrat\u00e9gicamente escogi\u00f3 a C\u00e1cota por ser un pueblo peque\u00f1o y pensar que no tendr\u00eda importancia en su poblaci\u00f3n las declaraciones sin argumento. Desconoci\u00f3 la unidad de la poblaci\u00f3n y del profesionalismo de los j\u00f3venes que, inmediatamente, arremetieron contra del senador v\u00eda Tuiter,&nbsp; como lo hizo la alcald\u00eda del C\u00e1cota exigiendo que se retractara de los comentarios. El senador a\u00fan no lo ha hecho.<\/p>\n<p>Los indignados por los comentarios de Uribe son muchos, los cacote\u00f1os al ser se\u00f1alados de convivir con el Eln, los rosarienses al escuchar y tener la presencia del senador que arremete sin sentido, al armarse con odio y a solucionar problemas en pa\u00edses vecinos cuando no fue capaz de solucionar los problemas de Colombia en dos mandatos.<\/p>\n<p>Abogados de la frontera, consultados sobre posibles implicaciones legales que el senador Uribe puede tener al se\u00f1alar una poblaci\u00f3n que convive con un grupo insurgente, sin argumentos, por temor no quisieron acceder a las entrevistas. S\u00edmbolo del terror que se respira.<\/p>\n<p>Durante el discurso del expresidente el grupo musical de Villa del Rosario \u2018Su Madre\u2019, que le canta a lo m\u00e1s caliente de la frontera, protest\u00f3 por la presencia del mandatario. Los integrantes del grupo fueron golpeados por civiles que portaban armas de fuego, y procedieron a romper las pancartas.<\/p>\n<p>Cada vez que Uribe pisa tierras nortesantandereanas, viene detr\u00e1s de algo, y no es del bienestar del pueblo. Lo que s\u00ed qued\u00f3 claro es que Iv\u00e1n Duque es su ficha para el poder, que cierta gente lo apoya y que a\u00fan el terror se respira.<\/p>\n<p>La euforia en el discurso para derrocar a Nicol\u00e1s Maduro, solucionar los problemas de la migraci\u00f3n, la delincuencia, el desempleo y la informalidad solo tuvo como finalidad conseguir los votos. Porque a\u00fan la frontera est\u00e1 cerrada, la ciudad es la de mayor \u00edndice de desempleo y &nbsp;de informalidad y siempre los sujetos de frontera llevan del bulto, por las acusaciones y las acciones de los dirigentes que gobiernan desde arriba y nunca ven para abajo.<\/p>\n<p><strong>DON AN\u00d3NIMO \u2013 Sin pelos en la lengua<\/strong> <\/p>\n","protected":false},"excerpt":{"rendered":"<p>VILLA DEL ROSARIO \u2013 Norte de Santander.- Ante el fen\u00f3meno de migraci\u00f3n venezolana a territorio colombiano, el senador de la rep\u00fablica \u00c1lvaro Uribe V\u00e9lez, en b\u00fasqueda de los votos para su ficha presidencial Iv\u00e1n Duque, se\u00f1al\u00f3 a C\u00e1cota de Velasco como territorio del ELN. En su discurso b\u00e9lico-pol\u00edtico se dirigi\u00f3 al presidente Nicol\u00e1s Maduro asegurando &hellip;<\/p>\n","protected":false},"author":1,"featured_media":31677,"comment_status":"open","ping_status":"open","sticky":false,"template":"","format":"standard","meta":{"footnotes":""},"categories":[4,9],"tags":[739,4003],"class_list":["post-31676","post","type-post","status-publish","format-standard","has-post-thumbnail","hentry","category-barra","category-politica","tag-alvaro-uribe-velez","tag-uribe-en-la-frontera"],"_links":{"self":[{"href":"https:\/\/contraluzcucuta.co\/index.php?rest_route=\/wp\/v2\/posts\/31676","targetHints":{"allow":["GET"]}}],"collection":[{"href":"https:\/\/contraluzcucuta.co\/index.php?rest_route=\/wp\/v2\/posts"}],"about":[{"href":"https:\/\/contraluzcucuta.co\/index.php?rest_route=\/wp\/v2\/types\/post"}],"author":[{"embeddable":true,"href":"https:\/\/contraluzcucuta.co\/index.php?rest_route=\/wp\/v2\/users\/1"}],"replies":[{"embeddable":true,"href":"https:\/\/contraluzcucuta.co\/index.php?rest_route=%2Fwp%2Fv2%2Fcomments&post=31676"}],"version-history":[{"count":2,"href":"https:\/\/contraluzcucuta.co\/index.php?rest_route=\/wp\/v2\/posts\/31676\/revisions"}],"predecessor-version":[{"id":31679,"href":"https:\/\/contraluzcucuta.co\/index.php?rest_route=\/wp\/v2\/posts\/31676\/revisions\/31679"}],"wp:featuredmedia":[{"embeddable":true,"href":"https:\/\/contraluzcucuta.co\/index.php?rest_route=\/wp\/v2\/media\/31677"}],"wp:attachment":[{"href":"https:\/\/contraluzcucuta.co\/index.php?rest_route=%2Fwp%2Fv2%2Fmedia&parent=31676"}],"wp:term":[{"taxonomy":"category","embeddable":true,"href":"https:\/\/contraluzcucuta.co\/index.php?rest_route=%2Fwp%2Fv2%2Fcategories&post=31676"},{"taxonomy":"post_tag","embeddable":true,"href":"https:\/\/contraluzcucuta.co\/index.php?rest_route=%2Fwp%2Fv2%2Ftags&post=31676"}],"curies":[{"name":"wp","href":"https:\/\/api.w.org\/{rel}","templated":true}]}}