{"id":31660,"date":"2018-01-18T23:28:39","date_gmt":"2018-01-19T04:28:39","guid":{"rendered":"http:\/\/contraluzcucuta.co\/?p=31660"},"modified":"2018-01-18T23:28:39","modified_gmt":"2018-01-19T04:28:39","slug":"mano-mano-con-pablo-fleitas-vinimos-buscar-cambios-en-los-patrones-de-conducta","status":"publish","type":"post","link":"https:\/\/contraluzcucuta.co\/?p=31660","title":{"rendered":"MANO A MANO CON PABLO FLEITAS. Vinimos a buscar cambios en los patrones de conducta"},"content":{"rendered":"<p style=\"padding-left: 30px;\"><span style=\"color: #ff6600;\"><strong>C\u00daCUTA.-<\/strong> Para el entrenador rosarino, la llegada a C\u00facuta, en compa\u00f1\u00eda de los dirigidos, no es solo para prepararse para futuras competencias, sino tambi\u00e9n para fortalecer el \u201centrenamiento invisible\u201d que afecta a un deportista.<\/span><\/p>\n<p><strong>\u00bfHace cu\u00e1nto est\u00e1 vinculado con este grupo de gimnastas?<\/strong><\/p>\n<ul>\n<li><em>Con este grupo de chicos de la escuela de gimnasia Alberdi, de Rosario (provincia de Santaf\u00e9 &#8211; Argentina) hace a\u00f1o y cuatro meses. En a\u00f1os anteriores trabaj\u00e9 en Ecuador con chicos pertenecientes a la selecci\u00f3n. El objetivo principal es que todos lleguen a la Selecci\u00f3n Nacional de Argentina y en un futuro clasificar al equipo completo de gimnasia a los Ol\u00edmpicos. <\/em><\/li>\n<\/ul>\n<p><strong>\u00bfDesde los cuantos a\u00f1os est\u00e1 en la gimnasia?<\/strong><\/p>\n<ul>\n<li><em>Hace 17 a\u00f1os. Los primeros a\u00f1os fueron de preparaci\u00f3n f\u00edsica de gimnastas de Rosario, tambi\u00e9n de la selecci\u00f3n Argentina. Como entrenador de gimnasta art\u00edstica, hace 6 a\u00f1os.<\/em><\/li>\n<\/ul>\n<p><strong>\u00bfC\u00f3mo lleg\u00f3 a trabajar con la Selecci\u00f3n Ecuatoriana?<\/strong><\/p>\n<ul>\n<li><em>Fue por medio de un profesor que viv\u00eda all\u00e1, le solicitaron que si conoc\u00eda a un entrenador y me pregunto si me interesaba el trabajo. Me pareci\u00f3 interesante la propuesta. Participamos en campeonatos infantiles, juveniles y Panamericanos en categor\u00eda Juveniles. <\/em><\/li>\n<\/ul>\n<p><strong>\u00bfC\u00f3mo es su metodolog\u00eda de trabajo?<\/strong><\/p>\n<ul>\n<li><em>Primero que todo, la planificaci\u00f3n; despu\u00e9s, dedicaci\u00f3n, con jornadas de doble turno y m\u00e1s que nada aferrarnos a los principios de entrenamientos. Vinimos ac\u00e1 a C\u00facuta para cambiar esos patrones de conducta en mis alumnos. Porque cualidades f\u00edsicas tienen, pero les falta el trabajo en cuanto a disciplina, que eso lo tienen ac\u00e1 en C\u00facuta.<\/em><\/li>\n<\/ul>\n<p><strong>\u00bfC\u00f3mo considera el nivel de la gimnasia argentina? \u00bfQu\u00e9 tanto le aporta a la gimnasia latinoamericana?<\/strong><\/p>\n<ul>\n<li><em>Creo que la Selecci\u00f3n Argentina, en individuales, siempre tuvo gimnastas destacados. Federico Molinari fue finalista en anillas, en los Ol\u00edmpicos de Londres. En R\u00edo de Janeiro estuvo Nicol\u00e1s C\u00f3rdoba. Estos son gimnastas reconocidos por tener cierto n\u00famero de medallas, participar en Panamericanos, en Ol\u00edmpicos etc\u00e9tera. Argentina tiene deportistas m\u00e1s chicos que son relevantes. Hay que hacer un trabajo en conjunto con los entrenadores y dejar los egos a un lado. Hay chicos talentosos, hay que trabajar para el bien com\u00fan y no por el inter\u00e9s individual. Quiz\u00e1s si en Argentina tuvi\u00e9ramos un l\u00edder tan visible como Jairo Ruiz otra cosa ser\u00eda. <\/em><\/li>\n<\/ul>\n<p><strong>\u00bfSiente que es parte primordial el trabajo en equipo y un l\u00edder visible para llegar a ser un pa\u00eds del top mundial como Colombia?<\/strong><\/p>\n<ul>\n<li><em>S\u00ed. Creo que por ah\u00ed cuando hablamos de l\u00edder es aquel que predica con las acciones y buen ejemplo. Un l\u00edder debe tener humildad, honestidad y que sea fiel a sus principios y si no tiene eso el gimnasta no te cree. Nos hace falta un l\u00edder que nos d\u00e9 credibilidad. Por eso en la Provincia hemos tratado de trabajar en conjunto para quitar esos egos y buscar el bien com\u00fan. Sumado a esto y al potencial de entrenadores y gimnastas perfectamente podemos abarcar toda una selecci\u00f3n Argentina. <\/em><\/li>\n<\/ul>\n<p><strong>\u00bfC\u00f3mo define al gimnasta argentino?<\/strong><\/p>\n<ul>\n<li><em>El gimnasta argentino que logra entender y respetar los principios de los entrenamientos, de darles importancia a los entrenamientos invisibles, que est\u00e9 dispuesto a pagar el precio de alcanzar el \u00e9xito puede llegar lejos como ha pasado con Federico Molinari y Nicol\u00e1s C\u00f3rdoba. <\/em><\/li>\n<\/ul>\n<p><strong>\u00bfCu\u00e1les han sido sus &nbsp;mayores logros como entrenador?<\/strong><\/p>\n<ul>\n<li><em>Bueno, los logros por ah\u00ed cuando estuve en Ecuador. Mis logros fueron clasificar a chicos a la Selecci\u00f3n Ecuatoriana que era el objetivo principal. Despu\u00e9s era tener campeones nacionales, tambi\u00e9n en Ecuador. Tener campeones sudamericanos y panamericanos. Por ah\u00ed las medallas se me escaparon por poquito. Pero ahora mis logros son que todos estos chicos que est\u00e1n a mi cargo que hacen parte de la escuela en Rosario entren a la Selecci\u00f3n Nacional.<\/em><\/li>\n<\/ul>\n<p><strong>\u00bfTiene algo que ver el perfil muchas veces negativo que tienen los argentinos con que en la gimnasia haya divisiones y no se logre un trabajo en equipo?<\/strong><\/p>\n<ul>\n<li><em>S\u00ed. Creo que tambi\u00e9n es algo cultural. Me di cuenta de esto cuando empec\u00e9 a vivir fuera de mi pa\u00eds. Me choque cuando estaba fuera de mi Pa\u00eds. Es m\u00e1s, gracias a vivir lejos aprend\u00ed otras conductas que han servido en mi trabajo, con mi vida. La falta de trabajo en equipo y la envidia perjudican todo. En un lado se ayudan y en otros no, pero est\u00e1 en uno cambiar estas costumbres.<\/em><\/li>\n<\/ul>\n<p><strong>\u00bfC\u00f3mo son las concentraciones?<\/strong><\/p>\n<ul>\n<li><em>A tiempo para todo. Sin descuidar la parte humana, lo que siempre les inculco a los gimnastas es que cuando se entrenan hay que estar concentrados, serios porque la gimnasia es un deporte peligroso y si no est\u00e1s concentrado te puedes lastimar. Cuando es el momento de dispersarnos, organizar una comida, nos juntamos, nos re\u00edmos.<\/em><\/li>\n<\/ul>\n<p><strong>\u00bfQu\u00e9 tan importante es el papel que juegan los padres de familia en el desarrollo del gimnasta argentino?<\/strong><\/p>\n<ul>\n<li><em>Con los varones no he tenido problemas. Los imprevistos los he visto en la rama femenina. Los papas de estos chicos los apoyan &nbsp;y por ellos pudimos viajar, si no hubiera sido imposible estar aqu\u00ed. Nunca pensamos en ir de vacaciones, siempre pensamos en que vamos a trabajar dos meses para mejorar.<\/em><\/li>\n<\/ul>\n<p><strong>\u00bfEn qu\u00e9 parte espec\u00edfica del entrenamiento invisible encuentra deficiencias para no alcanzar resultados \u00f3ptimos?<\/strong><\/p>\n<ul>\n<li><em>En el descanso. En la noche muchos de estos chicos no tienen el h\u00e1bito de acostarse temprano para dormir las horas necesarias para que el cuerpo se recupere. Despu\u00e9s est\u00e1n las salidas los fines de semana. Trasnochar un s\u00e1bado tira todo a la borda, porque lo entrenado en la semana se pierde. Tienen que entender que un domingo o un feriado es un d\u00eda m\u00e1s de entrenamiento. <\/em><\/li>\n<\/ul>\n<p><strong>\u00bfC\u00f3mo manejan la fama en un deportista?<\/strong><\/p>\n<ul>\n<li><em>Todo se debe a la preparaci\u00f3n. El gimnasta cada vez que vaya subiendo en cuanto a triunfos y gloria tiene que seguir cultivando la humildad. He estado al lado de campeones ol\u00edmpicos, mundiales, etc\u00e9tera. Siempre la caracter\u00edstica primordial es que son humildes. Cuando ganas una medalla en un Panamericano empiezas a salir en los diarios, quieren la foto contigo. Cuando estas arriba, todos son tus amigos, pero nadie conoce los a\u00f1os de sacrificio que tuviste.<\/em><\/li>\n<\/ul>\n<p><strong>\u00bfQu\u00e9 concepto tiene de los gimnastas colombianos?<\/strong><\/p>\n<ul>\n<li><em>Son chicos geniales. Desde el primer momento en el que vine vi que tienen un perfil bajo, son respetuosos. A Jossimar y Javier junto con todo el grupo siempre se les escucha \u201cgracias profesor\u201d. Esas conductas no las tiene cualquiera. La primera vez que vine a C\u00facuta me sorprend\u00ed, por el respeto hacia el entrenador, le agradecen, le preguntan. En otras culturas muchas veces eso hace falta. Todo lo que los gimnastas colombianos tienen me gustar\u00eda que lo tuvieran mis gimnastas.<\/em><\/li>\n<\/ul>\n<p><strong>\u00bfC\u00f3mo se puede definir al profesor Pablo Fleitas?<\/strong><\/p>\n<ul>\n<li><em>Apasionado por lo que hago, trabajador, siempre con mente abierta para aprender. Agacho la cabeza cuando es el momento, pido ayuda cuando hay cosas que no s\u00e9. Ah\u00ed es cuando vas creciendo como entrenador y como persona.<\/em><\/li>\n<\/ul>\n<p><strong>\u00bfHincha de alg\u00fan club de f\u00fatbol argentino?<\/strong><\/p>\n<ul>\n<li>La verdad no me apasiona mucho el f\u00fatbol. Soy hincha de Newell&#8217;s Old Boys, pero el f\u00fatbol no es lo m\u00edo. Amo a la gimnasia.<\/li>\n<\/ul>\n<p><strong>JORDY ORLANDO CRUZ<\/strong> <\/p>\n","protected":false},"excerpt":{"rendered":"<p>C\u00daCUTA.- Para el entrenador rosarino, la llegada a C\u00facuta, en compa\u00f1\u00eda de los dirigidos, no es solo para prepararse para futuras competencias, sino tambi\u00e9n para fortalecer el \u201centrenamiento invisible\u201d que afecta a un deportista. \u00bfHace cu\u00e1nto est\u00e1 vinculado con este grupo de gimnastas? Con este grupo de chicos de la escuela de gimnasia Alberdi, de &hellip;<\/p>\n","protected":false},"author":1,"featured_media":31661,"comment_status":"open","ping_status":"open","sticky":false,"template":"","format":"standard","meta":{"footnotes":""},"categories":[4,28],"tags":[1605,4001],"class_list":["post-31660","post","type-post","status-publish","format-standard","has-post-thumbnail","hentry","category-barra","category-vistazo-deportivo","tag-gimnasia-de-norte-de-santander","tag-mano-a-mano-con-pablo-fleitas"],"_links":{"self":[{"href":"https:\/\/contraluzcucuta.co\/index.php?rest_route=\/wp\/v2\/posts\/31660","targetHints":{"allow":["GET"]}}],"collection":[{"href":"https:\/\/contraluzcucuta.co\/index.php?rest_route=\/wp\/v2\/posts"}],"about":[{"href":"https:\/\/contraluzcucuta.co\/index.php?rest_route=\/wp\/v2\/types\/post"}],"author":[{"embeddable":true,"href":"https:\/\/contraluzcucuta.co\/index.php?rest_route=\/wp\/v2\/users\/1"}],"replies":[{"embeddable":true,"href":"https:\/\/contraluzcucuta.co\/index.php?rest_route=%2Fwp%2Fv2%2Fcomments&post=31660"}],"version-history":[{"count":1,"href":"https:\/\/contraluzcucuta.co\/index.php?rest_route=\/wp\/v2\/posts\/31660\/revisions"}],"predecessor-version":[{"id":31662,"href":"https:\/\/contraluzcucuta.co\/index.php?rest_route=\/wp\/v2\/posts\/31660\/revisions\/31662"}],"wp:featuredmedia":[{"embeddable":true,"href":"https:\/\/contraluzcucuta.co\/index.php?rest_route=\/wp\/v2\/media\/31661"}],"wp:attachment":[{"href":"https:\/\/contraluzcucuta.co\/index.php?rest_route=%2Fwp%2Fv2%2Fmedia&parent=31660"}],"wp:term":[{"taxonomy":"category","embeddable":true,"href":"https:\/\/contraluzcucuta.co\/index.php?rest_route=%2Fwp%2Fv2%2Fcategories&post=31660"},{"taxonomy":"post_tag","embeddable":true,"href":"https:\/\/contraluzcucuta.co\/index.php?rest_route=%2Fwp%2Fv2%2Ftags&post=31660"}],"curies":[{"name":"wp","href":"https:\/\/api.w.org\/{rel}","templated":true}]}}