{"id":31629,"date":"2018-01-16T18:36:37","date_gmt":"2018-01-16T23:36:37","guid":{"rendered":"http:\/\/contraluzcucuta.co\/?p=31629"},"modified":"2018-01-16T18:36:37","modified_gmt":"2018-01-16T23:36:37","slug":"desempeno-del-comercio-el-2017-bueno-para-unos-y-malo-para-otros","status":"publish","type":"post","link":"https:\/\/contraluzcucuta.co\/?p=31629","title":{"rendered":"DESEMPE\u00d1O DEL COMERCIO. El 2017, bueno para unos y malo para otros"},"content":{"rendered":"<p style=\"padding-left: 30px;\"><span style=\"color: #ff6600;\"><strong>C\u00daCUTA.-<\/strong> Al finalizar el 2017, estudios cualitativos del gremio de comerciantes se\u00f1alaron que la temporada de fin de a\u00f1o trajo para algunas actividades econ\u00f3micas posibilidades de mejora y para otras no represent\u00f3 avances significativos en ventas.<\/span><\/p>\n<p>Para el sector de art\u00edculos para el hogar el 57 por ciento de los encuestados manifest\u00f3 que las ventas empeoraron; el 25 % consider\u00f3 que se mantuvieron iguales, y el 18 % que &nbsp;mejoraron. En cuanto al desempe\u00f1o del a\u00f1o, comparativamente con el 2016, el 63 % de los encuestados manifest\u00f3 que las ventas disminuyeron y el 37 % que fueron iguales. Los consultados no consideran haber crecido en el 2017.<\/p>\n<p>Para industria alimenticia, comercializadores de v\u00edveres y abarrotes, el 39 % respondi\u00f3 que las ventas de fin de a\u00f1o estuvieron por debajo de las del 2016; en el 33 % se mantuvieron iguales y el 12 % consider\u00f3 que las ventas fueron superiores a la temporada anterior.<\/p>\n<p>En cuanto a las ventas totales del 2017, comparativamente con el a\u00f1o anterior, para el 61 % disminuy\u00f3 y esta ca\u00edda est\u00e1 en el 26 %; el 22 % considera que vendi\u00f3 igual que el a\u00f1o anterior, y solo el 17% que las ventas crecieron, si se compara con el 2016.<\/p>\n<p>Fenalco hizo \u00e9nfasis en este sector, porque la percepci\u00f3n que se tiene en la ciudad es que esta actividad econ\u00f3mica tiene buen comportamiento, dado que de una u otra manera atendi\u00f3 la demanda de compradores venezolanos, al inicio de la apertura peatonal de la Frontera. Sin embargo, la situaci\u00f3n es que esta venta es casi imperceptible para estos establecimientos de comercio.<\/p>\n<p>El gremio aprovech\u00f3 la oportunidad para indagar acerca de los mayores problemas que afrontan los empresarios y cu\u00e1les son las gestiones gremiales que pueden adelantarse. Llama la atenci\u00f3n que consideran que el gobierno nacional debe dar incentivos como el no cobro del IVA para algunos productos de la canasta familiar y que el problema fronterizo ha tra\u00eddo inseguridad a la ciudad. Solicitan que se contin\u00fae frenando el contrabando de c\u00e1rnicos.<\/p>\n<p>1.- Automotores.<\/p>\n<p>Quince empresarios de veh\u00edculos y motocicletas respondieron que, comparativamente con el a\u00f1o pasado, las ventas de noviembre y diciembre disminuyeron en 67 %. El 26 % de los encuestados respondi\u00f3 que las ventas se mantuvieron iguales y el 7 % manifest\u00f3 que fueron superadas en el 2017.<\/p>\n<p>Preocupa que para los empresarios del sector, en el 2017, hubo disminuci\u00f3n en ventas del 40 %.<\/p>\n<p>2.- Textiles y confecciones.<\/p>\n<p>Este sector es uno de los que m\u00e1s decrecieron en la temporada de fin de a\u00f1o. El 80 % de los encuestados manifest\u00f3 que las ventas para el per\u00edodo evaluado fueron menores a la temporada del 2016, en cuanto a las ventas totales del a\u00f1o. El 60 % decreci\u00f3 con respecto al total 2016, el 30 % de las ventas se mantuvo igual y el 10 % creci\u00f3 comparativamente.<\/p>\n<p>3.- Calzado art\u00edculos de cuero y marroquiner\u00eda<\/p>\n<p>En esta actividad, el 50 % de los empresarios manifest\u00f3 que las ventas decrecieron comparativamente con el 2016; el 25 %, que se mantuvieron iguales y el 25 %, que las ventas fueron superiores a la temporada del 2016.<\/p>\n<p>Tanto para textiles y confecciones como para calzado, la mayor preocupaci\u00f3n es el contrabando y la falta de garant\u00edas para trabajar. Piden alivios tributarios para mantener los empleos que hasta ahora han conservado. Otra solicitud es que se promocione la ciudad con eventos comerciales y tur\u00edsticos, en los que C\u00facuta sea sede nacional para mostrar la otra cara de la ciudad y no solo los problemas ocasionados or las migraciones de venezolanos. <\/p>\n","protected":false},"excerpt":{"rendered":"<p>C\u00daCUTA.- Al finalizar el 2017, estudios cualitativos del gremio de comerciantes se\u00f1alaron que la temporada de fin de a\u00f1o trajo para algunas actividades econ\u00f3micas posibilidades de mejora y para otras no represent\u00f3 avances significativos en ventas. Para el sector de art\u00edculos para el hogar el 57 por ciento de los encuestados manifest\u00f3 que las ventas &hellip;<\/p>\n","protected":false},"author":1,"featured_media":31630,"comment_status":"open","ping_status":"open","sticky":false,"template":"","format":"standard","meta":{"footnotes":""},"categories":[45,4],"tags":[3994,3993,1526],"class_list":["post-31629","post","type-post","status-publish","format-standard","has-post-thumbnail","hentry","category-destacado","category-barra","tag-balance-2017","tag-comerciantes-cucutenos","tag-fenalco-norte-de-santander"],"_links":{"self":[{"href":"https:\/\/contraluzcucuta.co\/index.php?rest_route=\/wp\/v2\/posts\/31629","targetHints":{"allow":["GET"]}}],"collection":[{"href":"https:\/\/contraluzcucuta.co\/index.php?rest_route=\/wp\/v2\/posts"}],"about":[{"href":"https:\/\/contraluzcucuta.co\/index.php?rest_route=\/wp\/v2\/types\/post"}],"author":[{"embeddable":true,"href":"https:\/\/contraluzcucuta.co\/index.php?rest_route=\/wp\/v2\/users\/1"}],"replies":[{"embeddable":true,"href":"https:\/\/contraluzcucuta.co\/index.php?rest_route=%2Fwp%2Fv2%2Fcomments&post=31629"}],"version-history":[{"count":1,"href":"https:\/\/contraluzcucuta.co\/index.php?rest_route=\/wp\/v2\/posts\/31629\/revisions"}],"predecessor-version":[{"id":31631,"href":"https:\/\/contraluzcucuta.co\/index.php?rest_route=\/wp\/v2\/posts\/31629\/revisions\/31631"}],"wp:featuredmedia":[{"embeddable":true,"href":"https:\/\/contraluzcucuta.co\/index.php?rest_route=\/wp\/v2\/media\/31630"}],"wp:attachment":[{"href":"https:\/\/contraluzcucuta.co\/index.php?rest_route=%2Fwp%2Fv2%2Fmedia&parent=31629"}],"wp:term":[{"taxonomy":"category","embeddable":true,"href":"https:\/\/contraluzcucuta.co\/index.php?rest_route=%2Fwp%2Fv2%2Fcategories&post=31629"},{"taxonomy":"post_tag","embeddable":true,"href":"https:\/\/contraluzcucuta.co\/index.php?rest_route=%2Fwp%2Fv2%2Ftags&post=31629"}],"curies":[{"name":"wp","href":"https:\/\/api.w.org\/{rel}","templated":true}]}}