{"id":31625,"date":"2018-01-14T19:23:27","date_gmt":"2018-01-15T00:23:27","guid":{"rendered":"http:\/\/contraluzcucuta.co\/?p=31625"},"modified":"2018-01-14T19:23:27","modified_gmt":"2018-01-15T00:23:27","slug":"crisis-en-la-frontera-roy-barreras-se-necesitan-planes-nacionales-eficaces-y-concretos-de-atencion","status":"publish","type":"post","link":"https:\/\/contraluzcucuta.co\/?p=31625","title":{"rendered":"CRISIS EN LA FRONTERA. Roy Barreras: se necesitan planes nacionales eficaces y concretos de atenci\u00f3n"},"content":{"rendered":"<p style=\"padding-left: 30px;\"><span style=\"color: #ff6600;\"><strong>C\u00daCUTA.-<\/strong> El drama humanitario de llegada de venezolanos a C\u00facuta pone en alto riesgo la estabilidad&nbsp; de la regi\u00f3n y del pa\u00eds, dijo el senador Roy Barreras al analizar la situaci\u00f3n que afronta la capital de Norte de Santander desde cuando se abri\u00f3 el paso peatonal pr los puentes internacionales.<\/span><\/p>\n<p>&#8220;Es hora de que Colombia revise sus prioridades de gesti\u00f3n inmediata tras ingreso de m\u00e1s de 500.000 migrantes venezolanos al pa\u00eds\u201d, se\u00f1al\u00f3 el congresista. En el an\u00e1lisis sostuvo que el ingreso por la frontera nortesantandereana de una poblaci\u00f3n similar a todos los habitantes de la ciudad, implica un drama humanitario por ese desplazamiento ocasionado por el hambre y el fracaso del gobierno venezolano, y pone en alto riesgo la estabilidad&nbsp; de la regi\u00f3n y del pa\u00eds.<\/p>\n<p>\u201cEs hora de que Colombia revise sus prioridades de gesti\u00f3n inmediata. El proceso con las Farc tuvo \u00e9xito y su tarea de implementaci\u00f3n ser\u00e1 permanente\u201d.<\/p>\n<p>En enero, seg\u00fan la visi\u00f3n del senador, hay dos prioridades urgentes para esta regi\u00f3n de Colombia:<\/p>\n<p>1.- Reanudar los di\u00e1logos con el Eln para no echar a perder la esperanza de paz que empieza a respirarse por primera vez en 50 a\u00f1os en Norte de Santander, Arauca y del Casanare<\/p>\n<p>2.- Establecer&nbsp; con urgencia un plan claro de atenci\u00f3n a la oleada migratoria venezolana.<\/p>\n<p>M\u00e1s de 500.000 migrantes, en cifras oficiales, y que pueden ser muchos m\u00e1s, no solo generan crisis en la regi\u00f3n, sino que alteran los indicadores de pobreza y echan atr\u00e1s los indicadores sociales de empleo, nutrici\u00f3n e inseguridad ciudadana, desvirtuando los logros que ha tenido Colombia en los \u00faltimos a\u00f1os.<\/p>\n<p>\u201c700.000 personas son ni m\u00e1s ni menos que el 10 % de todos los pobres que hab\u00eda en Colombia en el 2010 y acrecentar esa poblaci\u00f3n que est\u00e1 toda por debajo de la l\u00ednea de pobreza, implica una atenci\u00f3n humanitaria urgente&nbsp; y prioritaria&#8221;.<\/p>\n<p>Roy Barreras enfatiz\u00f3 en que no basta con las medidas coyunturales.&nbsp; \u201cEs necesario revisar las inversiones de orden nacional, porque la oleada migratoria es inevitable y permanente y no por razones humanitarias, sino en raz\u00f3n de la estabilidad nacional y regional, se necesitan planes nacionales eficaces y concretos de atenci\u00f3n en esta grave crisis&#8221;. <\/p>\n","protected":false},"excerpt":{"rendered":"<p>C\u00daCUTA.- El drama humanitario de llegada de venezolanos a C\u00facuta pone en alto riesgo la estabilidad&nbsp; de la regi\u00f3n y del pa\u00eds, dijo el senador Roy Barreras al analizar la situaci\u00f3n que afronta la capital de Norte de Santander desde cuando se abri\u00f3 el paso peatonal pr los puentes internacionales. &#8220;Es hora de que Colombia &hellip;<\/p>\n","protected":false},"author":1,"featured_media":31626,"comment_status":"open","ping_status":"open","sticky":false,"template":"","format":"standard","meta":{"footnotes":""},"categories":[45,4],"tags":[2483,3992],"class_list":["post-31625","post","type-post","status-publish","format-standard","has-post-thumbnail","hentry","category-destacado","category-barra","tag-crisis-en-la-frontera","tag-senador-roy-barreras"],"_links":{"self":[{"href":"https:\/\/contraluzcucuta.co\/index.php?rest_route=\/wp\/v2\/posts\/31625","targetHints":{"allow":["GET"]}}],"collection":[{"href":"https:\/\/contraluzcucuta.co\/index.php?rest_route=\/wp\/v2\/posts"}],"about":[{"href":"https:\/\/contraluzcucuta.co\/index.php?rest_route=\/wp\/v2\/types\/post"}],"author":[{"embeddable":true,"href":"https:\/\/contraluzcucuta.co\/index.php?rest_route=\/wp\/v2\/users\/1"}],"replies":[{"embeddable":true,"href":"https:\/\/contraluzcucuta.co\/index.php?rest_route=%2Fwp%2Fv2%2Fcomments&post=31625"}],"version-history":[{"count":1,"href":"https:\/\/contraluzcucuta.co\/index.php?rest_route=\/wp\/v2\/posts\/31625\/revisions"}],"predecessor-version":[{"id":31627,"href":"https:\/\/contraluzcucuta.co\/index.php?rest_route=\/wp\/v2\/posts\/31625\/revisions\/31627"}],"wp:featuredmedia":[{"embeddable":true,"href":"https:\/\/contraluzcucuta.co\/index.php?rest_route=\/wp\/v2\/media\/31626"}],"wp:attachment":[{"href":"https:\/\/contraluzcucuta.co\/index.php?rest_route=%2Fwp%2Fv2%2Fmedia&parent=31625"}],"wp:term":[{"taxonomy":"category","embeddable":true,"href":"https:\/\/contraluzcucuta.co\/index.php?rest_route=%2Fwp%2Fv2%2Fcategories&post=31625"},{"taxonomy":"post_tag","embeddable":true,"href":"https:\/\/contraluzcucuta.co\/index.php?rest_route=%2Fwp%2Fv2%2Ftags&post=31625"}],"curies":[{"name":"wp","href":"https:\/\/api.w.org\/{rel}","templated":true}]}}