{"id":31600,"date":"2018-01-13T10:00:07","date_gmt":"2018-01-13T15:00:07","guid":{"rendered":"http:\/\/contraluzcucuta.co\/?p=31600"},"modified":"2018-01-13T10:00:07","modified_gmt":"2018-01-13T15:00:07","slug":"la-carta-de-fenalco-internacion-de-vehiculos-extranjeros-indolencia-e-improvisacion","status":"publish","type":"post","link":"https:\/\/contraluzcucuta.co\/?p=31600","title":{"rendered":"LA CARTA DE FENALCO. Internaci\u00f3n de veh\u00edculos extranjeros, indolencia e improvisaci\u00f3n"},"content":{"rendered":"<p style=\"padding-left: 30px;\"><span style=\"color: #ff6600;\"><strong>C\u00daCUTA.-<\/strong> Autoridades locales, gremios y empresarios hemos coincidido en que al gobierno nacional le ha faltado mayor coherencia y compromiso con la regi\u00f3n cuando se trata de mitigar los problemas que hace m\u00e1s de dos a\u00f1os padecemos con mayor efecto desde el cierre de la frontera y que se refleja en una dif\u00edcil situaci\u00f3n econ\u00f3mica y social que cada d\u00eda va en aumento. Confiados siempre en las autoridades competentes, esper\u00e1bamos respuestas efectivas a la problem\u00e1tica de la regi\u00f3n.<\/span><\/p>\n<p>Puntualmente, una de ellas ha sido la internaci\u00f3n de veh\u00edculos extranjeros, para contrarrestar el contrabando, que afecta seriamente a la industria automotor (autos y motos) en nuestro departamento. Seg\u00fan encuesta efectuada por el gremio, Fenalco, los indicadores nacionales de la industria determinaron que comparativamente con el a\u00f1o anterior, las ventas de noviembre y diciembre disminuyeron en 67 %. El 26 % de los encuestados respondi\u00f3 que las ventas se mantuvieron iguales y solo el 7 % manifest\u00f3 que fueron superadas en el 2017.<\/p>\n<p>Nos preocupa que, en el 2017, hubo una disminuci\u00f3n del 40 % de las ventas de automotores, como consecuencia del contrabando de veh\u00edculos que se ha incrementado desde el cierre de la frontera, en agosto del 2015, y la ca\u00edda de los precios del bol\u00edvar fuerte (moneda oficial del vecino pa\u00eds).<\/p>\n<p>Expectantes est\u00e1bamos que la reglamentaci\u00f3n que hiciera el gobierno nacional con respecto a la internaci\u00f3n temporal sirviera para desestimular la venta de estos veh\u00edculos en la ciudad, y garantizar la supervivencia de los establecimientos de comercio, sobre todo proteger los empleos formales que se han perdido como consecuencia de las bajas ventas.<\/p>\n<p>Es lamentable que el gobierno nacional se haya demorado m\u00e1s de 20 meses para expedir el Decreto 2229, del 27 de diciembre, decreto inviable por contradecir otras normas, que refleja una absoluta indolencia y desconocimiento; viola flagrantemente leyes de la Rep\u00fablica como la 633 del 2000, la 488 de 1998, Ley de Fronteras, y la Constituci\u00f3n Nacional. Es decir, pareciera que este desconocimiento del ordenamiento jur\u00eddico colombiano es a prop\u00f3sito o porque no est\u00e1 convencido el gobierno nacional de la necesidad de detener y combatir este problema.<\/p>\n<p>Mientras tanto, Fenalco respalda la solicitud para que se derogue dicho decreto y que se defina otro que sea aplicable lo antes posible, que responda a las necesidades regionales, para lo cual estamos emprendiendo todas las gestiones que desde el mismo ordenamiento jur\u00eddico podamos efectuar.<\/p>\n<p>&nbsp; <\/p>\n","protected":false},"excerpt":{"rendered":"<p>C\u00daCUTA.- Autoridades locales, gremios y empresarios hemos coincidido en que al gobierno nacional le ha faltado mayor coherencia y compromiso con la regi\u00f3n cuando se trata de mitigar los problemas que hace m\u00e1s de dos a\u00f1os padecemos con mayor efecto desde el cierre de la frontera y que se refleja en una dif\u00edcil situaci\u00f3n econ\u00f3mica &hellip;<\/p>\n","protected":false},"author":1,"featured_media":31601,"comment_status":"open","ping_status":"open","sticky":false,"template":"","format":"standard","meta":{"footnotes":""},"categories":[14,4],"tags":[1202,3970,3985],"class_list":["post-31600","post","type-post","status-publish","format-standard","has-post-thumbnail","hentry","category-articulistas","category-barra","tag-gladys-navarro","tag-internacion-de-vehiculos","tag-la-carta-de-fenalco"],"_links":{"self":[{"href":"https:\/\/contraluzcucuta.co\/index.php?rest_route=\/wp\/v2\/posts\/31600","targetHints":{"allow":["GET"]}}],"collection":[{"href":"https:\/\/contraluzcucuta.co\/index.php?rest_route=\/wp\/v2\/posts"}],"about":[{"href":"https:\/\/contraluzcucuta.co\/index.php?rest_route=\/wp\/v2\/types\/post"}],"author":[{"embeddable":true,"href":"https:\/\/contraluzcucuta.co\/index.php?rest_route=\/wp\/v2\/users\/1"}],"replies":[{"embeddable":true,"href":"https:\/\/contraluzcucuta.co\/index.php?rest_route=%2Fwp%2Fv2%2Fcomments&post=31600"}],"version-history":[{"count":1,"href":"https:\/\/contraluzcucuta.co\/index.php?rest_route=\/wp\/v2\/posts\/31600\/revisions"}],"predecessor-version":[{"id":31602,"href":"https:\/\/contraluzcucuta.co\/index.php?rest_route=\/wp\/v2\/posts\/31600\/revisions\/31602"}],"wp:featuredmedia":[{"embeddable":true,"href":"https:\/\/contraluzcucuta.co\/index.php?rest_route=\/wp\/v2\/media\/31601"}],"wp:attachment":[{"href":"https:\/\/contraluzcucuta.co\/index.php?rest_route=%2Fwp%2Fv2%2Fmedia&parent=31600"}],"wp:term":[{"taxonomy":"category","embeddable":true,"href":"https:\/\/contraluzcucuta.co\/index.php?rest_route=%2Fwp%2Fv2%2Fcategories&post=31600"},{"taxonomy":"post_tag","embeddable":true,"href":"https:\/\/contraluzcucuta.co\/index.php?rest_route=%2Fwp%2Fv2%2Ftags&post=31600"}],"curies":[{"name":"wp","href":"https:\/\/api.w.org\/{rel}","templated":true}]}}