{"id":31590,"date":"2018-01-13T08:32:51","date_gmt":"2018-01-13T13:32:51","guid":{"rendered":"http:\/\/contraluzcucuta.co\/?p=31590"},"modified":"2018-01-13T08:32:51","modified_gmt":"2018-01-13T13:32:51","slug":"sena-jose-antonio-lizarazo-asumio-como-director-nacional","status":"publish","type":"post","link":"https:\/\/contraluzcucuta.co\/?p=31590","title":{"rendered":"SENA. Jos\u00e9 Antonio Lizarazo asumi\u00f3 como director nacional"},"content":{"rendered":"<p style=\"padding-left: 30px;\"><span style=\"color: #ff6600;\"><strong>BOGOT\u00c1. <\/strong>La ministra del trabajo Griselda Restrepo tom\u00f3&nbsp; posesi\u00f3n a Jos\u00e9 Antonio Lizarazo como director nacional del Sena. El cucute\u00f1o desempe\u00f1aba el cargo en calidad de encargado desde noviembre de 2017. El funcionario lleva 15 a\u00f1os en la entidad y ocupaba la direcci\u00f3n de la Seccional Sena Norte de Santander. En dos oportunidades ha sido condecorado como \u2018Mejor Director Regional\u2019.<\/span><\/p>\n<p>\u201cCreo que para los equipos del Sena esta es una noticia maravillosa\u201d,&nbsp; manifest\u00f3 Restrepo Gallego. Para el Gobierno la decisi\u00f3n del presidente Juan Manuel Santos ha sido acertada. \u201cComparto con alegr\u00eda esta decisi\u00f3n al pueblo colombiano. Los retos son enormes para este 2018, y tenemos la certeza de que este cierre de Gobierno va a ser con mucha agenda para el Sena.<\/p>\n<p>La ministra dijo que el prop\u00f3sito es que la entidad m\u00e1s querida por los colombianos siga siendo parte del Ministerio del Trabajo, por todo lo que representa para la formaci\u00f3n del trabajo.<\/p>\n<p>Lizarazo dijo que el reto es cumplir con todas las metas e indicadores que tenemos por parte del presidente Santos. Agreg\u00f3 que cumplir\u00e1 una gesti\u00f3n eficiente, responsable y trasparente, como ha sido la directriz de la ministra. \u201cEsta una gran oportunidad para m\u00ed como funcionario del Sena y un orgullo como nortesantandereano, luego de 14 a\u00f1os y medio de gesti\u00f3n como director regional\u201d.<\/p>\n<p>Entre otros desaf\u00edos al frente de la entidad, est\u00e1n:<\/p>\n<p>1.- Entregar al pa\u00eds todo el gran plan de infraestructura f\u00edsica que inici\u00f3 hace dos a\u00f1os, con una inversi\u00f3n sin antecedentes en la instituci\u00f3n de m\u00e1s de $ 320.000 millones.<\/p>\n<p>2.- Durante 2018, la Agencia de Empleo del Sena y el Servicio P\u00fablico de Empleo organizar\u00e1n varias ferias de empleo.<\/p>\n<p>3.- Apoyar y aumentar la generaci\u00f3n de m\u00e1s plazas de trabajo para los colombianos.<\/p>\n<p>Entre algunos de los principales logros de la entidad en 2017, destacan que m\u00e1s de 327.000 colombianos consiguieron empleo por intermedio de la Agencia P\u00fablica de Empleo del Sena, y la formaci\u00f3n para el trabajo de m\u00e1s de 7 millones de colombianos, que accedieron a los programas de la instituci\u00f3n en el pa\u00eds.<\/p>\n<p>Jos\u00e9 Antonio Lizarazo es graduado en administraci\u00f3n de empresas y cuenta con maestr\u00eda en gerencia de empresas y especializaci\u00f3n en derecho ambiental.<\/p>\n<p>Adem\u00e1s de tres lustros en el Sena, Lizarazo Sarmiento ha ocupado varios cargos en el sector p\u00fablico y privado. Entre otros, fue gerente regional de Ecocarb\u00f3n, gerente regional de Minercol para Santander y Norte de Santander, Secretario de Tr\u00e1nsito y Tesorero de C\u00facuta. <\/p>\n","protected":false},"excerpt":{"rendered":"<p>BOGOT\u00c1. La ministra del trabajo Griselda Restrepo tom\u00f3&nbsp; posesi\u00f3n a Jos\u00e9 Antonio Lizarazo como director nacional del Sena. El cucute\u00f1o desempe\u00f1aba el cargo en calidad de encargado desde noviembre de 2017. El funcionario lleva 15 a\u00f1os en la entidad y ocupaba la direcci\u00f3n de la Seccional Sena Norte de Santander. En dos oportunidades ha sido &hellip;<\/p>\n","protected":false},"author":1,"featured_media":31591,"comment_status":"open","ping_status":"open","sticky":false,"template":"","format":"standard","meta":{"footnotes":""},"categories":[45,4],"tags":[3983,159,602],"class_list":["post-31590","post","type-post","status-publish","format-standard","has-post-thumbnail","hentry","category-destacado","category-barra","tag-jose-antonio-lizarazo","tag-sena","tag-sena-regional-norte-de-santander"],"_links":{"self":[{"href":"https:\/\/contraluzcucuta.co\/index.php?rest_route=\/wp\/v2\/posts\/31590","targetHints":{"allow":["GET"]}}],"collection":[{"href":"https:\/\/contraluzcucuta.co\/index.php?rest_route=\/wp\/v2\/posts"}],"about":[{"href":"https:\/\/contraluzcucuta.co\/index.php?rest_route=\/wp\/v2\/types\/post"}],"author":[{"embeddable":true,"href":"https:\/\/contraluzcucuta.co\/index.php?rest_route=\/wp\/v2\/users\/1"}],"replies":[{"embeddable":true,"href":"https:\/\/contraluzcucuta.co\/index.php?rest_route=%2Fwp%2Fv2%2Fcomments&post=31590"}],"version-history":[{"count":1,"href":"https:\/\/contraluzcucuta.co\/index.php?rest_route=\/wp\/v2\/posts\/31590\/revisions"}],"predecessor-version":[{"id":31592,"href":"https:\/\/contraluzcucuta.co\/index.php?rest_route=\/wp\/v2\/posts\/31590\/revisions\/31592"}],"wp:featuredmedia":[{"embeddable":true,"href":"https:\/\/contraluzcucuta.co\/index.php?rest_route=\/wp\/v2\/media\/31591"}],"wp:attachment":[{"href":"https:\/\/contraluzcucuta.co\/index.php?rest_route=%2Fwp%2Fv2%2Fmedia&parent=31590"}],"wp:term":[{"taxonomy":"category","embeddable":true,"href":"https:\/\/contraluzcucuta.co\/index.php?rest_route=%2Fwp%2Fv2%2Fcategories&post=31590"},{"taxonomy":"post_tag","embeddable":true,"href":"https:\/\/contraluzcucuta.co\/index.php?rest_route=%2Fwp%2Fv2%2Ftags&post=31590"}],"curies":[{"name":"wp","href":"https:\/\/api.w.org\/{rel}","templated":true}]}}