{"id":31577,"date":"2018-01-10T20:31:31","date_gmt":"2018-01-11T01:31:31","guid":{"rendered":"http:\/\/contraluzcucuta.co\/?p=31577"},"modified":"2018-01-10T20:31:31","modified_gmt":"2018-01-11T01:31:31","slug":"crisis-en-la-frontera-la-migracion-de-venezolanos-desbordo-los-controles-oficiales","status":"publish","type":"post","link":"https:\/\/contraluzcucuta.co\/?p=31577","title":{"rendered":"CRISIS EN LA FRONTERA. La migraci\u00f3n de venezolanos desbord\u00f3 los controles oficiales"},"content":{"rendered":"<p style=\"padding-left: 30px;\"><span style=\"color: #ff6600;\"><strong>C\u00daCUTA.-<\/strong> La crisis por la que pasa la ciudad,&nbsp; a ra\u00edz de la llegada masiva de venezolanos, &nbsp;no la puede afrontar el gobierno municipal solo y requiere de la ayuda nacional. El alcalde C\u00e9sar Rojas pidi\u00f3, ayer, del Gobierno m\u00e1s atenci\u00f3n para sortear la situaci\u00f3n.<\/span><\/p>\n<p>Entre los prop\u00f3sitos para el 2018, el alcalde Rojas Ayala plante\u00f3 la convocatoria de fuerzas para analizar diversos aspectos relacionados con la poblaci\u00f3n que ha llegado a la ciudad en los \u00faltimos dos a\u00f1os. Entre esos puntos vitales destacan:<\/p>\n<p>1.- Los \u00edndices migratorios<\/p>\n<p>2.- Las condiciones de atenci\u00f3n en salud<\/p>\n<p>3.- La suerte de los ni\u00f1os venezolanos en materia de educaci\u00f3n<\/p>\n<p>4.- La seguridad de la ciudad<\/p>\n<p>5.- La incidencia del contrabando<\/p>\n<p>6.- La aplicaci\u00f3n de los derechos de los ni\u00f1os del otro lado de la frontera en condiciones vulnerables.<\/p>\n<p>Rojas Ayala expres\u00f3 que no puede ser permisivo y ver en las calles a ni\u00f1os y embarazadas. Pidi\u00f3 la habilitaci\u00f3n de sitios de paso que faciliten a los migrantes venezolanos por lo menos dormir dignamente.<\/p>\n<p>En el an\u00e1lisis de la crisis participaron Juan Carlos Restrepo, Alto Consejero Presidencial de Seguridad; Christian Kruger, director de Migraci\u00f3n Colombia; V\u00edctor Bautista, representante de la Canciller\u00eda; mayor general Jorge Rodr\u00edguez, representante del director general de la Polic\u00eda; delegados del ICBF, Unidad Nacional para la Gesti\u00f3n del Riesgo de Desastre y Dian; concejales y secretarios del despacho.<\/p>\n<p>Otro problema que acusa la capital de Norte de Santander es originado por el contrabando de autom\u00f3viles. Algunos concesionarios han anunciado el retiro lo que complicar\u00eda la oferta de empleo en la ciudad.<\/p>\n<p>Restrepo asegur\u00f3 que no ven\u00eda de turismo y que su presencia era para proveer soluciones espec\u00edficas. En tal sentido, se concertaron acciones inmediatas para ser puestas en pr\u00e1ctica en los pr\u00f3ximos d\u00edas.<\/p>\n<p>1.- Disponer de un grupo especial de la Polic\u00eda para atender de manera puntual hechos concernientes con los migrantes.<\/p>\n<p>2.- La solicitud ante el Alto Comisionado de las Naciones Unidas para los Refugiados de una estrategia que permita sacar de las calles a los ni\u00f1os ind\u00edgenas de la etnia Yukpa venidos desde la serran\u00eda del Perij\u00e1 (estado Zulia.<\/p>\n<p>3.- Reuni\u00f3n con el Registrador del Estado Civil para mejorar y fortalecer el sistema de identificaci\u00f3n y registro en C\u00facuta, colapsado por la solicitud de c\u00e9dulas por los reci\u00e9n llegados hijos de colombianos nacidos en Venezuela.<\/p>\n<p>4.- Adelantar ante el Ministerio de Educaci\u00f3n, previo informe de las secretar\u00edas municipal y departamental, acciones prontas que faciliten la matr\u00edcula de ni\u00f1os y j\u00f3venes migrantes en instituciones educativas oficiales.<\/p>\n<p>5.- Por solicitud del alcalde C\u00e9sar Rojas se adelantar\u00e1n acciones conjuntas con Bienestar familiar para evitar la presencia de ni\u00f1os &nbsp;en las esquinas donde hay sem\u00e1foros y as\u00ed contener el maltrato infantil y la prostituci\u00f3n.<\/p>\n<p>6.- Habilitaci\u00f3n de sitios donde se les pueda brindar atenci\u00f3n.<\/p>\n<p>La convocatoria de Rojas Ayala sirvi\u00f3 para construir el Plan de Refuerzo, que permita afrontar con \u00e9xito la situaci\u00f3n que, a juicio del Gobierno, crecer\u00e1 por el fen\u00f3meno migratorio.<\/p>\n<p>El presidente ejecutivo de la C\u00e1mara de Comercio de C\u00facuta, Carlos Luna, pidi\u00f3 a la comunidad internacional sumarse a la b\u00fasqueda de soluciones para la situaci\u00f3n que se vive en la regi\u00f3n. La migraci\u00f3n descontrolada inici\u00f3 a partir del cierre de la frontera, ordenado por el presidente Nicol\u00e1s Maduro.<\/p>\n<p>A diario llegan desde Venezuela millares de hombres y mujeres, y muchos permanecen en las calles sin trabajo. La presencia de ni\u00f1os y adultos ha incrementado la informalidad y generado percepciones negativas entre los cucute\u00f1os.<\/p>\n<p>\u201cSe ha hecho el acompa\u00f1amiento necesario a las entidades nacionales para buscarle soluci\u00f3n a un problema muy grande que, definitivamente, se sali\u00f3 de las manos\u201d, dijo Luna. \u201cNo queremos campamentos de refugiados, lo que queremos son oportunidades para atender esta situaci\u00f3n que nos ha tocado enfrentar y a la cual le queremos dar soluci\u00f3n entre todos\u201d.<\/p>\n<p>&nbsp; <\/p>\n","protected":false},"excerpt":{"rendered":"<p>C\u00daCUTA.- La crisis por la que pasa la ciudad,&nbsp; a ra\u00edz de la llegada masiva de venezolanos, &nbsp;no la puede afrontar el gobierno municipal solo y requiere de la ayuda nacional. El alcalde C\u00e9sar Rojas pidi\u00f3, ayer, del Gobierno m\u00e1s atenci\u00f3n para sortear la situaci\u00f3n. Entre los prop\u00f3sitos para el 2018, el alcalde Rojas Ayala &hellip;<\/p>\n","protected":false},"author":1,"featured_media":31578,"comment_status":"open","ping_status":"open","sticky":false,"template":"","format":"standard","meta":{"footnotes":""},"categories":[2625,4],"tags":[2733,2483,3981],"class_list":["post-31577","post","type-post","status-publish","format-standard","has-post-thumbnail","hentry","category-alcaldia-de-cucuta","category-barra","tag-alcalde-cesar-rojas","tag-crisis-en-la-frontera","tag-migracion-de-venezolanos"],"_links":{"self":[{"href":"https:\/\/contraluzcucuta.co\/index.php?rest_route=\/wp\/v2\/posts\/31577","targetHints":{"allow":["GET"]}}],"collection":[{"href":"https:\/\/contraluzcucuta.co\/index.php?rest_route=\/wp\/v2\/posts"}],"about":[{"href":"https:\/\/contraluzcucuta.co\/index.php?rest_route=\/wp\/v2\/types\/post"}],"author":[{"embeddable":true,"href":"https:\/\/contraluzcucuta.co\/index.php?rest_route=\/wp\/v2\/users\/1"}],"replies":[{"embeddable":true,"href":"https:\/\/contraluzcucuta.co\/index.php?rest_route=%2Fwp%2Fv2%2Fcomments&post=31577"}],"version-history":[{"count":1,"href":"https:\/\/contraluzcucuta.co\/index.php?rest_route=\/wp\/v2\/posts\/31577\/revisions"}],"predecessor-version":[{"id":31579,"href":"https:\/\/contraluzcucuta.co\/index.php?rest_route=\/wp\/v2\/posts\/31577\/revisions\/31579"}],"wp:featuredmedia":[{"embeddable":true,"href":"https:\/\/contraluzcucuta.co\/index.php?rest_route=\/wp\/v2\/media\/31578"}],"wp:attachment":[{"href":"https:\/\/contraluzcucuta.co\/index.php?rest_route=%2Fwp%2Fv2%2Fmedia&parent=31577"}],"wp:term":[{"taxonomy":"category","embeddable":true,"href":"https:\/\/contraluzcucuta.co\/index.php?rest_route=%2Fwp%2Fv2%2Fcategories&post=31577"},{"taxonomy":"post_tag","embeddable":true,"href":"https:\/\/contraluzcucuta.co\/index.php?rest_route=%2Fwp%2Fv2%2Ftags&post=31577"}],"curies":[{"name":"wp","href":"https:\/\/api.w.org\/{rel}","templated":true}]}}