{"id":31546,"date":"2018-01-04T21:56:01","date_gmt":"2018-01-05T02:56:01","guid":{"rendered":"http:\/\/contraluzcucuta.co\/?p=31546"},"modified":"2018-01-04T21:56:01","modified_gmt":"2018-01-05T02:56:01","slug":"manos-la-escuela-ii-ocho-instituciones-de-norte-de-santander-entre-las-140-seleccionadas","status":"publish","type":"post","link":"https:\/\/contraluzcucuta.co\/?p=31546","title":{"rendered":"\u00a0\u2018MANOS A LA ESCUELA II\u2019. Ocho instituciones de Norte de Santander entre las 140 seleccionadas  \u00a0"},"content":{"rendered":"<p style=\"padding-left: 30px;\"><span style=\"color: #ff6600;\"><strong>C\u00daCUTA.-<\/strong> El Ministerio de Educaci\u00f3n anunci\u00f3 los nombres de los 140 predios rurales seleccionados para hacer parte de la convocatoria \u2018Manos a la Escuela II\u2019. Ocho de los planteles son de Norte de Santander.<\/span><\/p>\n<p>Mediante el programa se financiar\u00e1n proyectos de mejoramiento de infraestructura educativa en zonas rurales de los municipios afectados por el conflicto de m\u00e1s de 50 a\u00f1os.&nbsp;<\/p>\n<p>Los predios fueron ESCOGIDOS luego de un proceso que contempl\u00f3 la revisi\u00f3n t\u00e9cnica y jur\u00eddica de los inmuebles y, posteriormente, a los viables se les asign\u00f3 un puntaje para priorizar las sedes beneficiadas con los recursos asignados para esta vigencia. en cada &nbsp;sede se invertir\u00e1n hasta $ 50 millones.<\/p>\n<p>Para la convocatoria fueron postuladas 1579 sedes educativas pertenecientes a 118 municipios. De los 170 priorizados para la implementaci\u00f3n de los Programas de Desarrollo con Enfoque Territorial (PDET), que est\u00e1n en las zonas afectadas por el conflicto y que tras la suscripci\u00f3n de los acuerdos con las Farc -hace un a\u00f1o- y su fin como grupo armado, son foco de acciones gubernamentales para cerrar brechas en todos los renglones.<\/p>\n<p>Para ejecutar las obras en cada sedes, el Ministerio firm\u00f3 un convenio con la Organizaci\u00f3n Internacional para las Migraciones (OIM) que tiene como objeto \u201caunar esfuerzos t\u00e9cnicos y financieros para ejecutar acciones orientadas al mejoramiento de la infraestructura de las sedes educativas de los municipios focalizados en el marco del posconflicto\u201d.<\/p>\n<p>La OIM efectuar\u00e1 las visitas de diagn\u00f3stico a las sedes priorizadas, para determinar la inversi\u00f3n de los recursos y los alcances.<\/p>\n<p>Los siguientes son los centros educativos beneficiados:<\/p>\n<p>1.- Instituto T\u00e9cnico Agr\u00edcola de Convenci\u00f3n<\/p>\n<p>2.- Sede Cartagena de Convenci\u00f3n<\/p>\n<p>3.- Sede Filo de Palo en El Carmen<\/p>\n<p>4.- Sede la Estrella en El Carmen<\/p>\n<p>5.- Sede San Luis Alto en Sardinata<\/p>\n<p>6.- Sede Pablo VI en Sardinata<\/p>\n<p>7.- Centro Educativo Rural El Aserr\u00edo de Teorama<\/p>\n<p>8.- Sede Integrado Petrolea en Tib\u00fa <\/p>\n","protected":false},"excerpt":{"rendered":"<p>C\u00daCUTA.- El Ministerio de Educaci\u00f3n anunci\u00f3 los nombres de los 140 predios rurales seleccionados para hacer parte de la convocatoria \u2018Manos a la Escuela II\u2019. Ocho de los planteles son de Norte de Santander. Mediante el programa se financiar\u00e1n proyectos de mejoramiento de infraestructura educativa en zonas rurales de los municipios afectados por el conflicto &hellip;<\/p>\n","protected":false},"author":1,"featured_media":31547,"comment_status":"open","ping_status":"open","sticky":false,"template":"","format":"standard","meta":{"footnotes":""},"categories":[4,36],"tags":[3972,1773,3830,638,717,279],"class_list":["post-31546","post","type-post","status-publish","format-standard","has-post-thumbnail","hentry","category-barra","category-la-voz-del-pueblo","tag-convencion","tag-el-carmen","tag-ministerio-de-educacion","tag-sardinata","tag-teorama","tag-tibu"],"_links":{"self":[{"href":"https:\/\/contraluzcucuta.co\/index.php?rest_route=\/wp\/v2\/posts\/31546","targetHints":{"allow":["GET"]}}],"collection":[{"href":"https:\/\/contraluzcucuta.co\/index.php?rest_route=\/wp\/v2\/posts"}],"about":[{"href":"https:\/\/contraluzcucuta.co\/index.php?rest_route=\/wp\/v2\/types\/post"}],"author":[{"embeddable":true,"href":"https:\/\/contraluzcucuta.co\/index.php?rest_route=\/wp\/v2\/users\/1"}],"replies":[{"embeddable":true,"href":"https:\/\/contraluzcucuta.co\/index.php?rest_route=%2Fwp%2Fv2%2Fcomments&post=31546"}],"version-history":[{"count":1,"href":"https:\/\/contraluzcucuta.co\/index.php?rest_route=\/wp\/v2\/posts\/31546\/revisions"}],"predecessor-version":[{"id":31548,"href":"https:\/\/contraluzcucuta.co\/index.php?rest_route=\/wp\/v2\/posts\/31546\/revisions\/31548"}],"wp:featuredmedia":[{"embeddable":true,"href":"https:\/\/contraluzcucuta.co\/index.php?rest_route=\/wp\/v2\/media\/31547"}],"wp:attachment":[{"href":"https:\/\/contraluzcucuta.co\/index.php?rest_route=%2Fwp%2Fv2%2Fmedia&parent=31546"}],"wp:term":[{"taxonomy":"category","embeddable":true,"href":"https:\/\/contraluzcucuta.co\/index.php?rest_route=%2Fwp%2Fv2%2Fcategories&post=31546"},{"taxonomy":"post_tag","embeddable":true,"href":"https:\/\/contraluzcucuta.co\/index.php?rest_route=%2Fwp%2Fv2%2Ftags&post=31546"}],"curies":[{"name":"wp","href":"https:\/\/api.w.org\/{rel}","templated":true}]}}