{"id":31543,"date":"2018-01-04T21:32:10","date_gmt":"2018-01-05T02:32:10","guid":{"rendered":"http:\/\/contraluzcucuta.co\/?p=31543"},"modified":"2018-01-04T21:32:10","modified_gmt":"2018-01-05T02:32:10","slug":"crisis-en-la-frontera-estudiantes-venezolanos-tendran-cupos-en-colegios-nortesantandereanos","status":"publish","type":"post","link":"https:\/\/contraluzcucuta.co\/?p=31543","title":{"rendered":"CRISIS EN LA FRONTERA. Estudiantes venezolanos tendr\u00e1n cupos en colegios nortesantandereanos"},"content":{"rendered":"<p style=\"padding-left: 30px;\"><span style=\"color: #ff6600;\"><strong>C\u00daCUTA.-<\/strong> Las instituciones educativas de Norte de Santander tienen instrucciones para que admitan y presten la formaci\u00f3n a ni\u00f1os y adolescentes venezolanos. As\u00ed lo se\u00f1al\u00f3 la secretaria de educaci\u00f3n Mar\u00eda Fabiola C\u00e1ceres al referirse al proceso de matr\u00edcula que retomar\u00e1n los colegios el 9 de enero.<\/span><\/p>\n<p>\u201cLos padres de estos ni\u00f1os tienen un tiempo prudencial para que legalicen la situaci\u00f3n migratoria en Colombia\u201d, dijo la funcionaria. En caso que se necesiten m\u00e1s docentes, se har\u00e1 la solicitud al Ministerio de Educaci\u00f3n para que autorice la ampliaci\u00f3n de la planta. En materia de infraestructura, la Gobernaci\u00f3n har\u00e1 las inversiones requeridas para ofrecer la formaci\u00f3n en las mejores condiciones.<\/p>\n<p>A los menores de edad que cursaron algunos grados en Venezuela y que no cuentan con los documentos exigidos y las notas para el proceso de matr\u00edcula, se los valorar\u00e1 con el examen de validaci\u00f3n, para que sean ubicados en el curso correspondiente.<\/p>\n<p>El gobierno departamental ofrece garant\u00edas para que los ni\u00f1os puedan continuar con los estudios en cualquier centro educativo de la regi\u00f3n.<\/p>\n<p>En cuanto al transporte escolar para la frontera, la secretar\u00eda C\u00e1ceres manifest\u00f3 que \u201cen diciembre enviamos un oficio al Ministerio solicitando la aprobaci\u00f3n y asignaci\u00f3n de los recursos para la contrataci\u00f3n de este servicio\u201d. El despacho regional est\u00e1 a la espera de la respuesta, que podr\u00eda ser la otra semana. El objetivo es contar con el transporte para el inicio de clases el 22 de enero.<\/p>\n<p>Para este a\u00f1o se tienen dispuestos 10.000 cupos nuevos para el ingreso de alumnos a sistema escolar en Norte de Santander. <\/p>\n","protected":false},"excerpt":{"rendered":"<p>C\u00daCUTA.- Las instituciones educativas de Norte de Santander tienen instrucciones para que admitan y presten la formaci\u00f3n a ni\u00f1os y adolescentes venezolanos. As\u00ed lo se\u00f1al\u00f3 la secretaria de educaci\u00f3n Mar\u00eda Fabiola C\u00e1ceres al referirse al proceso de matr\u00edcula que retomar\u00e1n los colegios el 9 de enero. \u201cLos padres de estos ni\u00f1os tienen un tiempo prudencial &hellip;<\/p>\n","protected":false},"author":1,"featured_media":31544,"comment_status":"open","ping_status":"open","sticky":false,"template":"","format":"standard","meta":{"footnotes":""},"categories":[4,6],"tags":[2483,379],"class_list":["post-31543","post","type-post","status-publish","format-standard","has-post-thumbnail","hentry","category-barra","category-ojo-avizor","tag-crisis-en-la-frontera","tag-gobernacion-de-norte-de-santander"],"_links":{"self":[{"href":"https:\/\/contraluzcucuta.co\/index.php?rest_route=\/wp\/v2\/posts\/31543","targetHints":{"allow":["GET"]}}],"collection":[{"href":"https:\/\/contraluzcucuta.co\/index.php?rest_route=\/wp\/v2\/posts"}],"about":[{"href":"https:\/\/contraluzcucuta.co\/index.php?rest_route=\/wp\/v2\/types\/post"}],"author":[{"embeddable":true,"href":"https:\/\/contraluzcucuta.co\/index.php?rest_route=\/wp\/v2\/users\/1"}],"replies":[{"embeddable":true,"href":"https:\/\/contraluzcucuta.co\/index.php?rest_route=%2Fwp%2Fv2%2Fcomments&post=31543"}],"version-history":[{"count":1,"href":"https:\/\/contraluzcucuta.co\/index.php?rest_route=\/wp\/v2\/posts\/31543\/revisions"}],"predecessor-version":[{"id":31545,"href":"https:\/\/contraluzcucuta.co\/index.php?rest_route=\/wp\/v2\/posts\/31543\/revisions\/31545"}],"wp:featuredmedia":[{"embeddable":true,"href":"https:\/\/contraluzcucuta.co\/index.php?rest_route=\/wp\/v2\/media\/31544"}],"wp:attachment":[{"href":"https:\/\/contraluzcucuta.co\/index.php?rest_route=%2Fwp%2Fv2%2Fmedia&parent=31543"}],"wp:term":[{"taxonomy":"category","embeddable":true,"href":"https:\/\/contraluzcucuta.co\/index.php?rest_route=%2Fwp%2Fv2%2Fcategories&post=31543"},{"taxonomy":"post_tag","embeddable":true,"href":"https:\/\/contraluzcucuta.co\/index.php?rest_route=%2Fwp%2Fv2%2Ftags&post=31543"}],"curies":[{"name":"wp","href":"https:\/\/api.w.org\/{rel}","templated":true}]}}