{"id":31540,"date":"2018-01-04T21:09:30","date_gmt":"2018-01-05T02:09:30","guid":{"rendered":"http:\/\/contraluzcucuta.co\/?p=31540"},"modified":"2018-01-04T21:09:30","modified_gmt":"2018-01-05T02:09:30","slug":"empleo-y-educacion-alcaldia-anuncia-politicas-publicas-para-el-2018","status":"publish","type":"post","link":"https:\/\/contraluzcucuta.co\/?p=31540","title":{"rendered":"EMPLEO Y EDUCACI\u00d3N. Alcald\u00eda anuncia pol\u00edticas p\u00fablicas para el 2018"},"content":{"rendered":"<p style=\"padding-left: 30px;\"><span style=\"color: #ff6600;\"><strong>C\u00daCUTA.-<\/strong> Ante la situaci\u00f3n que afronta el municipio con la presencia de venezolanos, y en aras de buscar oportunidades para los cucute\u00f1os, el alcalde C\u00e9sar Rojas dio a conocer una serie de pol\u00edticas p\u00fablicas que permitan mitigar el desempleo.<\/span><\/p>\n<p>\u201cEmpezaremos con Planeaci\u00f3n Municipal a buscar pol\u00edticas con los ministerios de Trabajo, Comercio y Hacienda para revisar cu\u00e1les son las ayudas que nos pueden ofrecer para afrontar el problema que tiene la frontera en materia de desempleo\u201d, dijo Rojas Ayala.<\/p>\n<p>Se\u00f1al\u00f3 que hay acciones que se emprender\u00e1n y como resultado generar\u00e1n de 4000 a 5000 empleos, durante seis meses. Este ser\u00e1 el &nbsp;primer paso, mientras se establecen y fortalecen esfuerzos en el orden nacional para generar y garantizar empleos constantes en la ciudad.<\/p>\n<p>Est\u00e1 a la espera de la inversi\u00f3n por parte del sector privado, que &nbsp;generar\u00e1 puestos de trabajo directos e indirectos. En esta vigencia iniciar\u00e1n obras que traer\u00e1n oportunidades laborales en la medida en que se desarrollen. En el listado aparecen:<\/p>\n<p>1.- Cristo Rey<\/p>\n<p>2.- Virgen de F\u00e1tima<\/p>\n<p>3.- Intercambiador de la Terminal de Transportes<\/p>\n<p>4.- Recuperaci\u00f3n de la Avenida Gran Colombia<\/p>\n<p>5.- Pavimentaci\u00f3n de v\u00edas.<\/p>\n<p><strong>INFRAESTRUCTURA&nbsp; EDUCATIVA<\/strong><\/p>\n<p>El compromiso con la educaci\u00f3n no se detiene por parte de la administraci\u00f3n municipal. En la vigencia 2018, continuar\u00e1n la construcci\u00f3n, adecuaci\u00f3n y embellecimiento de instituciones educativas con el prop\u00f3sito de mejorar la calidad de docentes, administrativos y estudiantes.<\/p>\n<p>El alcalde C\u00e9sar Rojas manifest\u00f3 que con la inversi\u00f3n de $ 25.000 millones, que inici\u00f3 en el 2017, proseguir\u00e1n las obras de infraestructura educativa para mejorar la calidad de ni\u00f1os y adolescentes. Entre otros, destacan los trabajos en el colegio Inem por $ 3000 millones; en el Aeropuerto, con 12 aulas nuevas que se le entregar\u00e1n a la comunidad, con una inversi\u00f3n de $ 3000 millones.&nbsp;<\/p>\n<p>La construcci\u00f3n en algunos colegios por medio del Fondo Adaptaci\u00f3n, como las escuelas de Puerto Le\u00f3n, que por m\u00e1s de seis a\u00f1os esperaba contar con ayuda oficial, y La Primavera, y &nbsp;el colegio Misael Pastrana Borrero. Son m\u00e1s de 60 obras en instituciones educativas que se entregar\u00e1n en junio.<\/p>\n<p>El prop\u00f3sito es ejecutar trabajos de mejoramiento y recuperaci\u00f3n de las aulas de clase deterioradas a causa del tiempo y de las pasadas oleadas invernales, para beneficiar al mayor n\u00famero de planteles &nbsp;de las zonas urbana y rural de C\u00facuta. <\/p>\n","protected":false},"excerpt":{"rendered":"<p>C\u00daCUTA.- Ante la situaci\u00f3n que afronta el municipio con la presencia de venezolanos, y en aras de buscar oportunidades para los cucute\u00f1os, el alcalde C\u00e9sar Rojas dio a conocer una serie de pol\u00edticas p\u00fablicas que permitan mitigar el desempleo. \u201cEmpezaremos con Planeaci\u00f3n Municipal a buscar pol\u00edticas con los ministerios de Trabajo, Comercio y Hacienda para &hellip;<\/p>\n","protected":false},"author":1,"featured_media":31541,"comment_status":"open","ping_status":"open","sticky":false,"template":"","format":"standard","meta":{"footnotes":""},"categories":[2625,4],"tags":[2733,226,3971],"class_list":["post-31540","post","type-post","status-publish","format-standard","has-post-thumbnail","hentry","category-alcaldia-de-cucuta","category-barra","tag-alcalde-cesar-rojas","tag-alcaldia-de-cucuta","tag-politicas-publicas"],"_links":{"self":[{"href":"https:\/\/contraluzcucuta.co\/index.php?rest_route=\/wp\/v2\/posts\/31540","targetHints":{"allow":["GET"]}}],"collection":[{"href":"https:\/\/contraluzcucuta.co\/index.php?rest_route=\/wp\/v2\/posts"}],"about":[{"href":"https:\/\/contraluzcucuta.co\/index.php?rest_route=\/wp\/v2\/types\/post"}],"author":[{"embeddable":true,"href":"https:\/\/contraluzcucuta.co\/index.php?rest_route=\/wp\/v2\/users\/1"}],"replies":[{"embeddable":true,"href":"https:\/\/contraluzcucuta.co\/index.php?rest_route=%2Fwp%2Fv2%2Fcomments&post=31540"}],"version-history":[{"count":1,"href":"https:\/\/contraluzcucuta.co\/index.php?rest_route=\/wp\/v2\/posts\/31540\/revisions"}],"predecessor-version":[{"id":31542,"href":"https:\/\/contraluzcucuta.co\/index.php?rest_route=\/wp\/v2\/posts\/31540\/revisions\/31542"}],"wp:featuredmedia":[{"embeddable":true,"href":"https:\/\/contraluzcucuta.co\/index.php?rest_route=\/wp\/v2\/media\/31541"}],"wp:attachment":[{"href":"https:\/\/contraluzcucuta.co\/index.php?rest_route=%2Fwp%2Fv2%2Fmedia&parent=31540"}],"wp:term":[{"taxonomy":"category","embeddable":true,"href":"https:\/\/contraluzcucuta.co\/index.php?rest_route=%2Fwp%2Fv2%2Fcategories&post=31540"},{"taxonomy":"post_tag","embeddable":true,"href":"https:\/\/contraluzcucuta.co\/index.php?rest_route=%2Fwp%2Fv2%2Ftags&post=31540"}],"curies":[{"name":"wp","href":"https:\/\/api.w.org\/{rel}","templated":true}]}}