{"id":31537,"date":"2018-01-04T20:43:58","date_gmt":"2018-01-05T01:43:58","guid":{"rendered":"http:\/\/contraluzcucuta.co\/?p=31537"},"modified":"2018-01-04T20:43:58","modified_gmt":"2018-01-05T01:43:58","slug":"chitaga-quebradas-cuentan-con-obras-de-proteccion-de-la-ungrd","status":"publish","type":"post","link":"https:\/\/contraluzcucuta.co\/?p=31537","title":{"rendered":"CHITAG\u00c1. Quebradas cuentan con obras de protecci\u00f3n de la UNGRD"},"content":{"rendered":"<p style=\"padding-left: 30px;\"><span style=\"color: #ff6600;\"><strong>CHITAG\u00c1 \u2013 Norte de Santander.-<\/strong> La Gobernaci\u00f3n de Norte de Santander, la Unidad Nacional para la Gesti\u00f3n del Riesgo de Desastres (UNGRD) y la alcald\u00eda de Chitag\u00e1 entregaron la fase dos de protecci\u00f3n y mitigaci\u00f3n de las quebradas La Viuda y El Arpero. Los trabajos servir\u00e1n para evitar eventos de flujos torrenciales en los afluentes.<\/span><\/p>\n<p>La inversi\u00f3n asciende a $ 5000 millones y corresponde a la canalizaci\u00f3n, estructuras en concreto para disipaci\u00f3n de energ\u00eda, gaviones y reubicaci\u00f3n. La rehabilitaci\u00f3n de los pasos de agua tienen longitudes aproximadas de 570 metros, en la quebrada El Arpero, y 608 metros, en La Viuda, lo que indica la intervenci\u00f3n de m\u00e1s de 1,1 kil\u00f3metros canalizados.<\/p>\n<p>\u201cDespu\u00e9s de que se presentara el Fen\u00f3meno de La Ni\u00f1a de 2010 \u2013 2011, y ver los riesgos que tiene Norte de Santander, hemos trabajado para que el departamento sea menos vulnerable, mediante obras y proyectos articulados con la Gobernaci\u00f3n\u201d, dijo Carlos Iv\u00e1n M\u00e1rquez, director de la UNGRD.<\/p>\n<p>A la fecha se han ejecutado:<\/p>\n<p>1.- 22 obras en diferentes municipios del departamento<\/p>\n<p>2.- Se han construido centros de recolecci\u00f3n de agua para la temporada seca<\/p>\n<p>3.- Se han instalado sistemas de alerta temprana<\/p>\n<p>4.- Se ha ubicado maquinaria amarilla en los sitios de mayor necesidad.<\/p>\n<p>Adicionalmente, se entreg\u00f3 el CEGIRD para reducir la vulnerabilidad de Norte de Santander. <\/p>\n","protected":false},"excerpt":{"rendered":"<p>CHITAG\u00c1 \u2013 Norte de Santander.- La Gobernaci\u00f3n de Norte de Santander, la Unidad Nacional para la Gesti\u00f3n del Riesgo de Desastres (UNGRD) y la alcald\u00eda de Chitag\u00e1 entregaron la fase dos de protecci\u00f3n y mitigaci\u00f3n de las quebradas La Viuda y El Arpero. Los trabajos servir\u00e1n para evitar eventos de flujos torrenciales en los afluentes. &hellip;<\/p>\n","protected":false},"author":1,"featured_media":31538,"comment_status":"open","ping_status":"open","sticky":false,"template":"","format":"standard","meta":{"footnotes":""},"categories":[4,32],"tags":[396,391,379,3441],"class_list":["post-31537","post","type-post","status-publish","format-standard","has-post-thumbnail","hentry","category-barra","category-recorrido-por-la-region","tag-carlos-ivan-marquez","tag-chitaga","tag-gobernacion-de-norte-de-santander","tag-ungrd"],"_links":{"self":[{"href":"https:\/\/contraluzcucuta.co\/index.php?rest_route=\/wp\/v2\/posts\/31537","targetHints":{"allow":["GET"]}}],"collection":[{"href":"https:\/\/contraluzcucuta.co\/index.php?rest_route=\/wp\/v2\/posts"}],"about":[{"href":"https:\/\/contraluzcucuta.co\/index.php?rest_route=\/wp\/v2\/types\/post"}],"author":[{"embeddable":true,"href":"https:\/\/contraluzcucuta.co\/index.php?rest_route=\/wp\/v2\/users\/1"}],"replies":[{"embeddable":true,"href":"https:\/\/contraluzcucuta.co\/index.php?rest_route=%2Fwp%2Fv2%2Fcomments&post=31537"}],"version-history":[{"count":1,"href":"https:\/\/contraluzcucuta.co\/index.php?rest_route=\/wp\/v2\/posts\/31537\/revisions"}],"predecessor-version":[{"id":31539,"href":"https:\/\/contraluzcucuta.co\/index.php?rest_route=\/wp\/v2\/posts\/31537\/revisions\/31539"}],"wp:featuredmedia":[{"embeddable":true,"href":"https:\/\/contraluzcucuta.co\/index.php?rest_route=\/wp\/v2\/media\/31538"}],"wp:attachment":[{"href":"https:\/\/contraluzcucuta.co\/index.php?rest_route=%2Fwp%2Fv2%2Fmedia&parent=31537"}],"wp:term":[{"taxonomy":"category","embeddable":true,"href":"https:\/\/contraluzcucuta.co\/index.php?rest_route=%2Fwp%2Fv2%2Fcategories&post=31537"},{"taxonomy":"post_tag","embeddable":true,"href":"https:\/\/contraluzcucuta.co\/index.php?rest_route=%2Fwp%2Fv2%2Ftags&post=31537"}],"curies":[{"name":"wp","href":"https:\/\/api.w.org\/{rel}","templated":true}]}}