{"id":31517,"date":"2018-01-02T12:43:58","date_gmt":"2018-01-02T17:43:58","guid":{"rendered":"http:\/\/contraluzcucuta.co\/?p=31517"},"modified":"2018-01-02T12:43:58","modified_gmt":"2018-01-02T17:43:58","slug":"necrologia-jaime-uriel-mejia-veedor-ciudadano-frentero-y-de-buen-humor","status":"publish","type":"post","link":"https:\/\/contraluzcucuta.co\/?p=31517","title":{"rendered":"NECROLOG\u00cdA. , Jaime Uriel Mej\u00eda, veedor ciudadano, frentero y de buen humor"},"content":{"rendered":"<p style=\"padding-left: 30px;\"><span style=\"color: #ff6600;\"><strong>C\u00daCUTA.-<\/strong> \u201cSoy una persona de muy buen humor\u201d, respondi\u00f3 Jaime Uriel Mej\u00eda \u00c1lvarez al pregunt\u00e1rsele qui\u00e9n era. Este hombre, al que le encantaban &nbsp;la tecnolog\u00eda, reunirse con la familia y mantenerse acompa\u00f1ado por las mujeres que amaba (hijas, esposa, y madre) muri\u00f3 en este segundo d\u00eda del 2018.<\/span><\/p>\n<p>Fue veedor ciudadano y dio la pelea por aquello que consideraba justo, cre\u00f3 la Fundaci\u00f3n Movilidad Colombia, cuestion\u00f3, critic\u00f3, caz\u00f3 infractores y se convirti\u00f3 en conciencia de los cucute\u00f1os. Defendi\u00f3 el medio ambiente y se opuso a la construcci\u00f3n del centro comercial en el Club Tennis, pulm\u00f3n verde cucute\u00f1o.<\/p>\n<p>Al conocerse la noticia, difundida en las plataformas digitales, aparecieron las voces de aliento para la familia y los reconocimientos por las ejecutorias a favor de las causas que emprendi\u00f3.<\/p>\n<p>En entrevista concedida a la periodista Mary Stapper, para la revista Somos, respondi\u00f3 que no le gustaba la violencia para nada. Hablaba sin tapujos ni miedos. \u201cMucha gente est\u00e1 cansada de lo mismo, aqu\u00ed los gobernantes, contratistas, empleados p\u00fablicos, hacen lo que quieren y estaban acostumbrados a que nadie les dec\u00eda nada, eso ha ido cambiando\u201d.<\/p>\n<p>Acerca de la funci\u00f3n como veedor ciudadano se\u00f1al\u00f3 que quien asume esa condici\u00f3n \u201cno puede andar por la calle con cara de payaso, esto es serio\u201d. Defini\u00f3 la veedur\u00eda como el mecanismo democr\u00e1tico de representaci\u00f3n que le permite a los ciudadanos o a las organizaciones comunitarias, ejercer vigilancia sobre la gesti\u00f3n p\u00fablica.<\/p>\n<p>\u201cPara nada es bonito ver c\u00f3mo los contratos se hacen, pero no se controlan. Los contratistas hacen lo que quieren; los interventores solo calientan el puesto y cobran solo la firma\u201d.<\/p>\n<p>El veedor, seg\u00fan su manera de ver esa funci\u00f3n, es ante todo alguien que act\u00faa pensando en el beneficio de la comunidad y tiene capacidad para interpretar los problemas colectivos y orientar las soluciones. \u201cAl defender lo p\u00fablico, el veedor ayuda a cuidar el patrimonio que es de todos\u201d.<\/p>\n<p>Sobre el ejercicio de la pol\u00edtica tambi\u00e9n ten\u00eda un concepto claro. \u201cPol\u00edtica es servir al pueblo y politiquer\u00eda es adue\u00f1arse de los dineros que son para el pueblo\u201d.<\/p>\n<p>Por hablar sin tapujos, confes\u00f3, \u201cme han enviado payasos para ofrecerme contratos, publicidades, regalos directamente para m\u00ed o para cualquiera de nuestro grupo\u201d.<\/p>\n<p>Paz en la tumba de Jaime Uriel. El velatorio se lleva a cabo en la Sala de Los Olivos, en la avenida Gran Colombia. <\/p>\n","protected":false},"excerpt":{"rendered":"<p>C\u00daCUTA.- \u201cSoy una persona de muy buen humor\u201d, respondi\u00f3 Jaime Uriel Mej\u00eda \u00c1lvarez al pregunt\u00e1rsele qui\u00e9n era. Este hombre, al que le encantaban &nbsp;la tecnolog\u00eda, reunirse con la familia y mantenerse acompa\u00f1ado por las mujeres que amaba (hijas, esposa, y madre) muri\u00f3 en este segundo d\u00eda del 2018. Fue veedor ciudadano y dio la pelea &hellip;<\/p>\n","protected":false},"author":1,"featured_media":31518,"comment_status":"open","ping_status":"open","sticky":false,"template":"","format":"standard","meta":{"footnotes":""},"categories":[17,4,1967],"tags":[2654,3968],"class_list":["post-31517","post","type-post","status-publish","format-standard","has-post-thumbnail","hentry","category-conversaciones-a-contraluz","category-barra","category-necrologias","tag-jaime-uriel-mejia","tag-veedor-ciudadano"],"_links":{"self":[{"href":"https:\/\/contraluzcucuta.co\/index.php?rest_route=\/wp\/v2\/posts\/31517","targetHints":{"allow":["GET"]}}],"collection":[{"href":"https:\/\/contraluzcucuta.co\/index.php?rest_route=\/wp\/v2\/posts"}],"about":[{"href":"https:\/\/contraluzcucuta.co\/index.php?rest_route=\/wp\/v2\/types\/post"}],"author":[{"embeddable":true,"href":"https:\/\/contraluzcucuta.co\/index.php?rest_route=\/wp\/v2\/users\/1"}],"replies":[{"embeddable":true,"href":"https:\/\/contraluzcucuta.co\/index.php?rest_route=%2Fwp%2Fv2%2Fcomments&post=31517"}],"version-history":[{"count":1,"href":"https:\/\/contraluzcucuta.co\/index.php?rest_route=\/wp\/v2\/posts\/31517\/revisions"}],"predecessor-version":[{"id":31519,"href":"https:\/\/contraluzcucuta.co\/index.php?rest_route=\/wp\/v2\/posts\/31517\/revisions\/31519"}],"wp:featuredmedia":[{"embeddable":true,"href":"https:\/\/contraluzcucuta.co\/index.php?rest_route=\/wp\/v2\/media\/31518"}],"wp:attachment":[{"href":"https:\/\/contraluzcucuta.co\/index.php?rest_route=%2Fwp%2Fv2%2Fmedia&parent=31517"}],"wp:term":[{"taxonomy":"category","embeddable":true,"href":"https:\/\/contraluzcucuta.co\/index.php?rest_route=%2Fwp%2Fv2%2Fcategories&post=31517"},{"taxonomy":"post_tag","embeddable":true,"href":"https:\/\/contraluzcucuta.co\/index.php?rest_route=%2Fwp%2Fv2%2Ftags&post=31517"}],"curies":[{"name":"wp","href":"https:\/\/api.w.org\/{rel}","templated":true}]}}