{"id":31514,"date":"2018-01-02T11:49:43","date_gmt":"2018-01-02T16:49:43","guid":{"rendered":"http:\/\/contraluzcucuta.co\/?p=31514"},"modified":"2018-01-02T11:49:43","modified_gmt":"2018-01-02T16:49:43","slug":"balance-de-las-fiestas-veinticinco-lesionados-con-polvora-en-norte-de-santander","status":"publish","type":"post","link":"https:\/\/contraluzcucuta.co\/?p=31514","title":{"rendered":"BALANCE DE LAS FIESTAS. Veinticinco lesionados con p\u00f3lvora, en Norte de Santander"},"content":{"rendered":"<p style=\"padding-left: 30px;\"><span style=\"color: #ff6600;\"><strong>C\u00daCUTA.-<\/strong> Veinticinco casos de lesiones con p\u00f3lvora dejaron en Norte de Santander las fiestas de fin de a\u00f1o. Ocho corresponden a menores de edad, seg\u00fan reporte de vigilancia intensificada generado por el Instituto Departamental de Salud. El informe recopila los casos atendidos en las IPS p\u00fablicas y privadas y notificados al Sistema de Vigilancia Epidemiol\u00f3gica (Sivigila).<\/span><\/p>\n<p>Las cifras evidencian el incremento de dos casos, en comparaci\u00f3n con los 23 presentados en diciembre de 2016. C\u00facuta, con ocho casos, es el municipio que m\u00e1s aport\u00f3 al consolidado regional. Uno corresponde a un menor de 14 a\u00f1os y siete a mayores de edad.<\/p>\n<p>El siguiente es el listado de casos en el departamento:<\/p>\n<p>1.- \u00c1brego, con tres casos<\/p>\n<p>2.- El Carmen, El Tarra, Tib\u00fa, El Zulia y Villa del Rosario, con dos casos<\/p>\n<p>3.- Teorama, Hacar\u00ed, Puerto Santander y Oca\u00f1a, con un caso cada uno.<\/p>\n<p>Los casos en menores tambi\u00e9n ocurrieron en El Carmen (dos), \u00c1brego (dos), El Tarra (uno), Villa del Rosario (uno) y Hacar\u00ed (uno).<\/p>\n<p>Entre los artefactos causantes de las lesiones aparecen:<\/p>\n<p>1.- Los totes, &nbsp;con 15 casos (60 %)<\/p>\n<p>2.- Otros artefactos y voladores, con tres casos (12 %)<\/p>\n<p>3.- Fuegos pirot\u00e9cnicos, con dos casos (8 %)<\/p>\n<p>4.- Cohetes, con un caso (4 %)<\/p>\n<p>5.- Un caso que no se registra dato.<\/p>\n<p>Por tipo de da\u00f1o, 22 de las lesiones son quemaduras (88 %), dos amputaciones (8 %), cuatro laceraciones (16 %), una fractura (4 %) y dos da\u00f1os oculares (8 %).<\/p>\n<p>La vigilancia intensificada de lesiones por p\u00f3lvora ir\u00e1 hasta el 13 de enero para garantizar la articulaci\u00f3n intersectorial y seguimiento de los casos.<\/p>\n<p>En la noche del 31 de diciembre, hubo 7 lesiones de las cuales una corresponde a menor de 14 a\u00f1os, en \u00c1brego, con laceraci\u00f3n en miembros inferiores.&nbsp;<\/p>\n<p>En C\u00facuta, ocurrieron tres casos aislados que involucraron a mayores de edad. El primero, con quemadura de tercer grado y amputaci\u00f3n de mano; el segundo, con quemadura de segundo grado en cara, y el tercero, con quemadura de primer grado en mano.&nbsp;<\/p>\n<p>Villa del Rosario, Puerto Santander y Oca\u00f1a registraron un caso en mayor de edad cada uno, que incluyen quemaduras de segundo grado con da\u00f1o ocular, quemadura en mano y laceraci\u00f3n en dedos de la mano.<\/p>\n<p>Aunque la cifra se mantiene, frente al mismo periodo de 2016, el Instituto Departamental de Salud record\u00f3 que en atenci\u00f3n a la Ley 670 de 2001, la producci\u00f3n, uso, comercializaci\u00f3n y manipulaci\u00f3n de p\u00f3lvora est\u00e1 prohibida. <\/p>\n","protected":false},"excerpt":{"rendered":"<p>C\u00daCUTA.- Veinticinco casos de lesiones con p\u00f3lvora dejaron en Norte de Santander las fiestas de fin de a\u00f1o. Ocho corresponden a menores de edad, seg\u00fan reporte de vigilancia intensificada generado por el Instituto Departamental de Salud. El informe recopila los casos atendidos en las IPS p\u00fablicas y privadas y notificados al Sistema de Vigilancia Epidemiol\u00f3gica &hellip;<\/p>\n","protected":false},"author":1,"featured_media":31515,"comment_status":"open","ping_status":"open","sticky":false,"template":"","format":"standard","meta":{"footnotes":""},"categories":[11,4],"tags":[1468,808,293,530],"class_list":["post-31514","post","type-post","status-publish","format-standard","has-post-thumbnail","hentry","category-cronica-roja","category-barra","tag-ids","tag-instituto-departamental-de-salud","tag-policia-metropolitana-de-cucuta","tag-quemados-con-polvora"],"_links":{"self":[{"href":"https:\/\/contraluzcucuta.co\/index.php?rest_route=\/wp\/v2\/posts\/31514","targetHints":{"allow":["GET"]}}],"collection":[{"href":"https:\/\/contraluzcucuta.co\/index.php?rest_route=\/wp\/v2\/posts"}],"about":[{"href":"https:\/\/contraluzcucuta.co\/index.php?rest_route=\/wp\/v2\/types\/post"}],"author":[{"embeddable":true,"href":"https:\/\/contraluzcucuta.co\/index.php?rest_route=\/wp\/v2\/users\/1"}],"replies":[{"embeddable":true,"href":"https:\/\/contraluzcucuta.co\/index.php?rest_route=%2Fwp%2Fv2%2Fcomments&post=31514"}],"version-history":[{"count":1,"href":"https:\/\/contraluzcucuta.co\/index.php?rest_route=\/wp\/v2\/posts\/31514\/revisions"}],"predecessor-version":[{"id":31516,"href":"https:\/\/contraluzcucuta.co\/index.php?rest_route=\/wp\/v2\/posts\/31514\/revisions\/31516"}],"wp:featuredmedia":[{"embeddable":true,"href":"https:\/\/contraluzcucuta.co\/index.php?rest_route=\/wp\/v2\/media\/31515"}],"wp:attachment":[{"href":"https:\/\/contraluzcucuta.co\/index.php?rest_route=%2Fwp%2Fv2%2Fmedia&parent=31514"}],"wp:term":[{"taxonomy":"category","embeddable":true,"href":"https:\/\/contraluzcucuta.co\/index.php?rest_route=%2Fwp%2Fv2%2Fcategories&post=31514"},{"taxonomy":"post_tag","embeddable":true,"href":"https:\/\/contraluzcucuta.co\/index.php?rest_route=%2Fwp%2Fv2%2Ftags&post=31514"}],"curies":[{"name":"wp","href":"https:\/\/api.w.org\/{rel}","templated":true}]}}