{"id":31496,"date":"2017-12-26T17:10:16","date_gmt":"2017-12-26T22:10:16","guid":{"rendered":"http:\/\/contraluzcucuta.co\/?p=31496"},"modified":"2017-12-26T17:10:16","modified_gmt":"2017-12-26T22:10:16","slug":"el-ciclopaseo-tu-barrio-alegria-y-regalos-para-los-ninos-cucutenos","status":"publish","type":"post","link":"https:\/\/contraluzcucuta.co\/?p=31496","title":{"rendered":"\u2018EL CICLOPASEO A TU BARRIO\u2019. Alegr\u00eda y regalos para los ni\u00f1os cucute\u00f1os"},"content":{"rendered":"<p style=\"padding-left: 30px;\"><span style=\"color: #ff6600;\"><strong>C\u00daCUTA.-<\/strong> \u2018El ciclopaseo a tu barrio\u2019 continuar\u00e1 esta semana para brindarles a los ni\u00f1os cucute\u00f1os alegr\u00eda, premios&nbsp; y rifas de bicicletas. El programa de la Alcald\u00eda de C\u00facuta cuenta con respaldo del Instituto Municipal para la Recreaci\u00f3n y el Deporte (IMRD) y la Polic\u00eda Metropolitana de C\u00facuta.<\/span><\/p>\n<p>La caravana multicolor, encabezada por el alcalde C\u00e9sar Rojas, &nbsp;parte a las 6:30 de la tarde desde el parque Santander (frente a la Alcald\u00eda). La semana pasada recibieron la visita&nbsp; los barrios Cundinamarca, Sevilla y Pescadero.<\/p>\n<p>La comunidad disfrut\u00f3 de un momento agradable con la presencia del Alcalde y los secretarios de despacho, quienes tambi\u00e9n pedalean durante los recorridos.<\/p>\n<p>Esta semana se visitar\u00e1n los siguientes sectores:<\/p>\n<p>1.- Mi\u00e9rcoles 27 de diciembre: Guaimaral<\/p>\n<p>2.- Jueves 28 de diciembre: Torcoroma<\/p>\n<p>3.- S\u00e1bado 30 de diciembre: Santander <\/p>\n","protected":false},"excerpt":{"rendered":"<p>C\u00daCUTA.- \u2018El ciclopaseo a tu barrio\u2019 continuar\u00e1 esta semana para brindarles a los ni\u00f1os cucute\u00f1os alegr\u00eda, premios&nbsp; y rifas de bicicletas. El programa de la Alcald\u00eda de C\u00facuta cuenta con respaldo del Instituto Municipal para la Recreaci\u00f3n y el Deporte (IMRD) y la Polic\u00eda Metropolitana de C\u00facuta. La caravana multicolor, encabezada por el alcalde C\u00e9sar &hellip;<\/p>\n","protected":false},"author":1,"featured_media":31497,"comment_status":"open","ping_status":"open","sticky":false,"template":"","format":"standard","meta":{"footnotes":""},"categories":[2625],"tags":[304,1558,3966],"class_list":["post-31496","post","type-post","status-publish","format-standard","has-post-thumbnail","hentry","category-alcaldia-de-cucuta","tag-alcalde-de-cucuta","tag-cesar-rojas-ayala","tag-ciclo-paseo-a-tu-barrio"],"_links":{"self":[{"href":"https:\/\/contraluzcucuta.co\/index.php?rest_route=\/wp\/v2\/posts\/31496","targetHints":{"allow":["GET"]}}],"collection":[{"href":"https:\/\/contraluzcucuta.co\/index.php?rest_route=\/wp\/v2\/posts"}],"about":[{"href":"https:\/\/contraluzcucuta.co\/index.php?rest_route=\/wp\/v2\/types\/post"}],"author":[{"embeddable":true,"href":"https:\/\/contraluzcucuta.co\/index.php?rest_route=\/wp\/v2\/users\/1"}],"replies":[{"embeddable":true,"href":"https:\/\/contraluzcucuta.co\/index.php?rest_route=%2Fwp%2Fv2%2Fcomments&post=31496"}],"version-history":[{"count":1,"href":"https:\/\/contraluzcucuta.co\/index.php?rest_route=\/wp\/v2\/posts\/31496\/revisions"}],"predecessor-version":[{"id":31498,"href":"https:\/\/contraluzcucuta.co\/index.php?rest_route=\/wp\/v2\/posts\/31496\/revisions\/31498"}],"wp:featuredmedia":[{"embeddable":true,"href":"https:\/\/contraluzcucuta.co\/index.php?rest_route=\/wp\/v2\/media\/31497"}],"wp:attachment":[{"href":"https:\/\/contraluzcucuta.co\/index.php?rest_route=%2Fwp%2Fv2%2Fmedia&parent=31496"}],"wp:term":[{"taxonomy":"category","embeddable":true,"href":"https:\/\/contraluzcucuta.co\/index.php?rest_route=%2Fwp%2Fv2%2Fcategories&post=31496"},{"taxonomy":"post_tag","embeddable":true,"href":"https:\/\/contraluzcucuta.co\/index.php?rest_route=%2Fwp%2Fv2%2Ftags&post=31496"}],"curies":[{"name":"wp","href":"https:\/\/api.w.org\/{rel}","templated":true}]}}