{"id":31481,"date":"2017-12-23T17:14:04","date_gmt":"2017-12-23T22:14:04","guid":{"rendered":"http:\/\/contraluzcucuta.co\/?p=31481"},"modified":"2017-12-23T17:14:04","modified_gmt":"2017-12-23T22:14:04","slug":"bitacora-viajera-300-historias-escritas-por-victimas-del-conflicto-en-norte-de-santander","status":"publish","type":"post","link":"https:\/\/contraluzcucuta.co\/?p=31481","title":{"rendered":"BIT\u00c1CORA VIAJERA. 300 historias escritas por v\u00edctimas del conflicto en Norte de Santander"},"content":{"rendered":"<p style=\"padding-left: 30px;\"><span style=\"color: #ff6600;\"><strong>C\u00daCUTA.-<\/strong> M\u00e1s de 300 historias reconstruyeron v\u00edctimas del conflicto armado en Norte de Santander. El ejercicio se cumpli\u00f3 durante la capacitaci\u00f3n sicosocial organizada por la Unidad para las V\u00edctimas. El objetivo era ayudarles a superar el hecho victimizante.<\/span><\/p>\n<p>\u201cSiendo un11 de enero de 2000, mi pap\u00e1 sali\u00f3 a hacer una diligencia a un caser\u00edo llamado Cartagenita, se encontr\u00f3 un grupo llamado paramilitares y lo asesinaron dejando sola a su familia, mi mam\u00e1 y dos hermanos m\u00e1s\u201d. As\u00ed comenz\u00f3 Vilma Guti\u00e9rrez el relato de la historia de la afectaci\u00f3n que le produjo el conflicto armado.<\/p>\n<p>De all\u00ed toc\u00f3 desplazarnos hacia la monta\u00f1a para que no fu\u00e9ramos asesinadas. Entre m\u00e1s d\u00edas se acercaban m\u00e1s y m\u00e1s y nos tocaba huir, porque al que agarraban lo mataban\u201d. La vivencia hace parte de los m\u00e1s de 300 que escribieron de pu\u00f1o y letra&nbsp; igual n\u00famero de v\u00edctimas en el departamento. Los autores participaron en la Estrategia de Recuperaci\u00f3n Emocional y Acompa\u00f1amiento a las V\u00edctimas del Conflicto.<\/p>\n<p>\u201cFueron cuatro meses y nueve encuentros. Durante ese tiempo reconstruyeron lo que les pas\u00f3,&nbsp; el da\u00f1o que les caus\u00f3 la violencia\u201d, dijo Carmen Hern\u00e1ndez, profesional sicosocial contratada para ejecutar el proyecto en El Zulia. La estrategia se aplic\u00f3 en 165 municipios colombianos. En Norte de Santander&nbsp; fueron incluidos Oca\u00f1a, Teorama, El Tarra, Villa del Rosario y El Zulia.<\/p>\n<p>Cada relato tiene dibujos, fotos y gr\u00e1ficas&nbsp; que los autores anexaron para ilustrar el hecho. Cada uno tuvo libertad para expresar los recuerdos y el dolor.<\/p>\n<p>\u201cMi historia comienza cuando viv\u00eda con mi esposo y mis hijos en Tib\u00fa. Una familia trabajadora, con ganas de vivir y salir adelante\u201d, escribi\u00f3 Rosa Pab\u00f3n. \u201cUn d\u00eda, unos hombres armados&nbsp; llegaron y nos amenazaron, que ten\u00edamos que irnos porque esa era la orden, que ahora ellos eran los que mandaban y nos daban tres horas para irnos, ni un minuto m\u00e1s. Salimos con la mera ropa, mi esposo, mis hijos y yo\u201d<\/p>\n<p>Los escritos fueron expuestos durante la celebraci\u00f3n del \u00faltimo en taller sicosocial, en C\u00facuta, para un grupo e v\u00edctimas. Las historias ser\u00e1n remitidas a Bogot\u00e1, donde se recopilan las vivencias en primera persona del conflicto armado.<\/p>\n<p><strong>AYUDA HUMANITARIA<\/strong><\/p>\n<p>La Unidad para la Atenci\u00f3n y Reparaci\u00f3n Integral a las V\u00edctimas entreg\u00f3 la \u00faltima remesa de ayudas humanitaria a C\u00facuta, con destino a las v\u00edctimas que puedan necesitar este apoyo en casos de emergencia provocadas por desplazamientos<\/p>\n<p>Se entregaron 420 kits con alimentos, \u00fatiles de aseo, elementos de cocina y vajillas. Recibi\u00f3 la Secretar\u00eda de Posconflicto y Cultura de Paz, en cumplimiento del principio de subsidiaridad que acord\u00f3 $ 175,1 millones para la capital de Norte de Santander, receptora de v\u00edctimas del conflicto armado.<\/p>\n<p>Marx Nocua Ojeda, profesional de emergencia de la Unidad, manifest\u00f3 que en total se hicieron tres entregas en C\u00facuta, con los mismos kits de ayuda.<\/p>\n<p>La dotaci\u00f3n se une a los elementos de que dispone el municipio para atender cualquier emergencia que surja por desplazamiento, como lo contempla la Ley. <\/p>\n","protected":false},"excerpt":{"rendered":"<p>C\u00daCUTA.- M\u00e1s de 300 historias reconstruyeron v\u00edctimas del conflicto armado en Norte de Santander. El ejercicio se cumpli\u00f3 durante la capacitaci\u00f3n sicosocial organizada por la Unidad para las V\u00edctimas. El objetivo era ayudarles a superar el hecho victimizante. \u201cSiendo un11 de enero de 2000, mi pap\u00e1 sali\u00f3 a hacer una diligencia a un caser\u00edo llamado &hellip;<\/p>\n","protected":false},"author":1,"featured_media":31482,"comment_status":"open","ping_status":"open","sticky":false,"template":"","format":"standard","meta":{"footnotes":""},"categories":[4,5,6],"tags":[1678,1473],"class_list":["post-31481","post","type-post","status-publish","format-standard","has-post-thumbnail","hentry","category-barra","category-justicia-transicional","category-ojo-avizor","tag-unidad-de-victimas","tag-victimas-en-norte-de-santander"],"_links":{"self":[{"href":"https:\/\/contraluzcucuta.co\/index.php?rest_route=\/wp\/v2\/posts\/31481","targetHints":{"allow":["GET"]}}],"collection":[{"href":"https:\/\/contraluzcucuta.co\/index.php?rest_route=\/wp\/v2\/posts"}],"about":[{"href":"https:\/\/contraluzcucuta.co\/index.php?rest_route=\/wp\/v2\/types\/post"}],"author":[{"embeddable":true,"href":"https:\/\/contraluzcucuta.co\/index.php?rest_route=\/wp\/v2\/users\/1"}],"replies":[{"embeddable":true,"href":"https:\/\/contraluzcucuta.co\/index.php?rest_route=%2Fwp%2Fv2%2Fcomments&post=31481"}],"version-history":[{"count":1,"href":"https:\/\/contraluzcucuta.co\/index.php?rest_route=\/wp\/v2\/posts\/31481\/revisions"}],"predecessor-version":[{"id":31483,"href":"https:\/\/contraluzcucuta.co\/index.php?rest_route=\/wp\/v2\/posts\/31481\/revisions\/31483"}],"wp:featuredmedia":[{"embeddable":true,"href":"https:\/\/contraluzcucuta.co\/index.php?rest_route=\/wp\/v2\/media\/31482"}],"wp:attachment":[{"href":"https:\/\/contraluzcucuta.co\/index.php?rest_route=%2Fwp%2Fv2%2Fmedia&parent=31481"}],"wp:term":[{"taxonomy":"category","embeddable":true,"href":"https:\/\/contraluzcucuta.co\/index.php?rest_route=%2Fwp%2Fv2%2Fcategories&post=31481"},{"taxonomy":"post_tag","embeddable":true,"href":"https:\/\/contraluzcucuta.co\/index.php?rest_route=%2Fwp%2Fv2%2Ftags&post=31481"}],"curies":[{"name":"wp","href":"https:\/\/api.w.org\/{rel}","templated":true}]}}