{"id":31471,"date":"2017-12-23T11:39:59","date_gmt":"2017-12-23T16:39:59","guid":{"rendered":"http:\/\/contraluzcucuta.co\/?p=31471"},"modified":"2017-12-23T11:39:59","modified_gmt":"2017-12-23T16:39:59","slug":"mano-mano-con-denis-jossimar-es-mi-compadre-pero-como-deportista-no-puedo-verlo-asi","status":"publish","type":"post","link":"https:\/\/contraluzcucuta.co\/?p=31471","title":{"rendered":"MANO A MANO CON DENIS. \u00a0Jossimar es mi compadre, pero como deportista no puedo verlo as\u00ed  \u00a0"},"content":{"rendered":"<p style=\"padding-left: 30px;\"><span style=\"color: #ff6600;\"><strong>C\u00daCUTA.-<\/strong> Este exgimnasta y ahora&nbsp; sic\u00f3logo, juez internacional, entrenador y asistente es una de las piezas fundamentales en el equipo de trabajo del profesor Jairo Ruiz Casas para lograr que la gimnasia nortesantandereana sea determinante en los logros &nbsp;para Colombia.<\/span><\/p>\n<p><strong>\u00bfQu\u00e9 recuerda de su \u00e9poca como gimnasta?<\/strong><\/p>\n<ul>\n<li><em>Mi etapa como deportista fue fuerte debido a que entren\u00e1bamos en un lugar peque\u00f1o, no ten\u00edamos buenos aparatos, pero ten\u00edamos las ganas de trabajar. Ten\u00edamos al mejor entrenador, Jairo Ruiz Casas, y las ganas que nadie nos pod\u00eda quitar y toda esa fuerza que le pon\u00edamos para representar a Norte Santander y a Colombia.<\/em><\/li>\n<\/ul>\n<p><strong>\u00bfRecuerda los primeros&nbsp; entrenamientos con el profesor Jairo Ruiz?<\/strong><\/p>\n<ul>\n<li><em>Esas \u00e9pocas de inicio eran fuertes. \u00c9l era entrenador, asistente, m\u00e9dico, sic\u00f3logo, nutricionista, en fin, era todo. Manejaba una ansiedad hasta el punto de estresarse debido a los problemas que se presentaban. Sali\u00f3 adelante y gracias a esos tiempos la gimnasia se dio a conocer tanto local como internacionalmente.<\/em><\/li>\n<\/ul>\n<p><strong>\u00bfC\u00f3mo eran las concentraciones en ese momento?<\/strong><\/p>\n<ul>\n<li><em>Hab\u00eda colaboraci\u00f3n de Indenorte, pero el profe era el que se quitaba el pan de la boca para darnos todo. Pagaba las concentraciones, dos concentraciones al a\u00f1o. Le gustaba el oro y muchas veces empe\u00f1\u00f3 (joyas) para sacar el dinero. Los entrenamientos eran ma\u00f1ana y tarde. Muchas ten\u00edamos que ir al mercado, cocin\u00e1bamos entre nosotros. Todo fue un aprendizaje y eso hizo que creci\u00e9ramos para representar al pa\u00eds.<\/em><\/li>\n<\/ul>\n<p><strong>\u00bfEn cu\u00e1ntas competencias particip\u00f3?<\/strong><\/p>\n<ul>\n<li><em>Internacionalmente, en Salta (Argentina), en En Colombia, viaj\u00e9 a Barranquilla, Bogot\u00e1, Medell\u00edn, Bucaramanga. Mi primera competencia, en Pamplona, fue algo maravilloso, con nervios y todo, pero lo importante fue que se sali\u00f3 adelante.<\/em><\/li>\n<\/ul>\n<p><strong>\u00bfCu\u00e1l fue la raz\u00f3n de su retiro de la gimnasia?<\/strong><\/p>\n<ul>\n<li><em>La gimnasia me dej\u00f3 una lesi\u00f3n de mu\u00f1eca, y dije \u201cno puedes m\u00e1s, Dennis Beltr\u00e1n\u201d. En los Nacionales de 1992 la lesi\u00f3n creci\u00f3, trat\u00e9 de continuar, de recuperarme, pero la mu\u00f1eca no dio m\u00e1s y ah\u00ed termin\u00f3 mi etapa como gimnasta. <\/em><\/li>\n<\/ul>\n<p><strong>\u00bfSiente que en esa faceta como deportista le faltaron sue\u00f1os o metas por cumplir?<\/strong><\/p>\n<ul>\n<li><em>Ser selecci\u00f3n Colombia fue el m\u00e1ximo logro. Me hubiera gustado estar en una Copa del Mundo o ir a los Ol\u00edmpicos. Haber sido<\/em> <em>selecci\u00f3n Colombia me da alegr\u00eda y llen\u00f3 las expectativas que ten\u00eda como gimnasta.<\/em><\/li>\n<\/ul>\n<p><strong>\u00bfC\u00f3mo trat\u00f3 de recuperarse de la lesi\u00f3n en lo f\u00edsico y lo an\u00edmico? \u00bfQu\u00e9 pasaba por su cabeza?<\/strong><\/p>\n<ul>\n<li><em>Seguir con los estudios fue la mejor manera de levantarme. Me oper\u00e9 la mu\u00f1eca, hice la recuperaci\u00f3n, pero no qued\u00e9 bien. Continu\u00e9 con la vida a pesar de que hab\u00eda dejado la gimnasia. Nunca dej\u00e9 de so\u00f1ar con el estudio, ingres\u00e9 como asistente del profesor Ruiz y aqu\u00ed estoy, gracias a Dios, como entrenador y soy parte de la Selecci\u00f3n Colombia.<\/em><\/li>\n<\/ul>\n<p><strong>\u00bfC\u00f3mo prefiere vivir las concentraciones como deportista o como entrenador?<\/strong><\/p>\n<ul>\n<li><em>Creo que en modo entrenador y asistente. Cuando era deportista eran fuertes, entrenar en la ma\u00f1ana y en la tarde, manejar las cargas que tenemos en cuanto a estr\u00e9s, pero son las que nos han dado resultado. Como asistente me lleno de ansiedad, porque muchas veces los elementos no salen como uno espera. Viv\u00ed las concentraciones en modo deportista y me quedo con las concentraciones como asistente.<\/em><\/li>\n<\/ul>\n<p><strong>\u00bfQu\u00e9 tan importante es Jairo Ruiz para su vida laboral y personal?<\/strong><\/p>\n<ul>\n<li><em>Siempre lo he dicho, es como mi segundo padre. Me ha apoyado desde cuando entr\u00e9 a la gimnasia. Quer\u00eda que fu\u00e9ramos buenos deportistas y buenas personas y unido a esto, que las familias fueran igual. \u00c9ramos de escasos recursos, as\u00ed que procuraba ayudarnos, buscaba trabajos para nuestros padres, de una u otra manera estaba pendiente de nuestra alimentaci\u00f3n. Me colabor\u00f3 para que sea sic\u00f3logo y muchas veces sacaba del bolsillo para pagarme la matricula, estaba pendiente para sacar permisos de estudio cuando compet\u00eda. Lleva 32 a\u00f1os en la gimnasia.<\/em><\/li>\n<\/ul>\n<p><strong>\u00bfQu\u00e9 lo motiv\u00f3 para estudiar sicolog\u00eda?<\/strong><\/p>\n<ul>\n<li><em>La estudi\u00e9 debido a tantos problemas que hay en la gimnasia, para resolverlos en lo deportivo y con las familias de los gimnastas. No solo es el deportista, tambi\u00e9n la Liga, los entrenadores, los padres de familia, todos hacen parte de la gimnasia.<\/em><\/li>\n<\/ul>\n<p><strong>\u00bfPor qu\u00e9 se prepar\u00f3 como juez internacional de gimnasia?<\/strong><\/p>\n<ul>\n<li><em>El profesor Jairo Ruiz siempre quiso que la gimnasia de Norte de Santander contara con un cuerpo de jueces. Soy juez internacional junto con Carlos Aguirre Aguirre y manejamos el juzgamiento en el departamento. Tenemos un grupo nacional que tambi\u00e9n fueron Esto nos ha favorecido.&nbsp; <\/em><\/li>\n<\/ul>\n<p><strong>\u00bfDe qu\u00e9 se trata el curso de juez internacional?<\/strong><\/p>\n<ul>\n<li><em>Jueces internacionales ofrecen los cursos. Cada cuatro a\u00f1os cambia el c\u00f3digo de jueces, son modificaciones fuertes, pero est\u00e1 en nosotros adaptarnos, porque si no se perder\u00eda el tiempo invertido en los cursos.<\/em><\/li>\n<\/ul>\n<p><strong>\u00bfEs dif\u00edcil ser neutral?<\/strong><\/p>\n<ul>\n<li><em>No, para m\u00ed no. Creo que siempre he trabajado de esta manera. Hace muchos a\u00f1os, para unos Nacionales, me nombraron juez neutral. He tratado de ser neutral, me gusta y como sic\u00f3logo no veo la necesidad de salirme de la \u00e9tica.<\/em><\/li>\n<\/ul>\n<p><strong>\u00bfC\u00f3mo es su relaci\u00f3n con Jossimar Calvo?<\/strong><\/p>\n<ul>\n<li><em>Es un deportista que ha trabajado conmigo desde los 5 a\u00f1os. Se form\u00f3 con nosotros, es un gran amigo, colabora en todo lo que pueda. Es mi compadre, es el padrino de mi hija, pero no puedo verlo as\u00ed, porque es deportista. Lo considero un s\u00faper amigo. Cuando me toca el rol como entrenador lo entiende, hay que ser amigo del deportista, pero con sus respectivos limites. Es una persona especial.<\/em><\/li>\n<\/ul>\n<p><strong>\u00bfQu\u00e9 es m\u00e1s f\u00e1cil de manejar, un grupo femenino o grupo masculino?<\/strong><\/p>\n<ul>\n<li><em>No le veo problema al trabajar con cualquiera de los dos grupos. No s\u00e9 si es mi rol de sic\u00f3logo que me favorece. Me llevo bien con los dos, trabajo con la rama masculina, a veces colaboro con la femenina para corregir ejercicios. En lo sicol\u00f3gico, cuando veo que alguna deportista tiene crisis, la ayudo, le hablo, me gusta trabajar esa parte con la rama femenina. Aunque dicen que es complicado, porque son mujeres, pero no es verdad. <\/em><\/li>\n<\/ul>\n<p><strong>\u00bfQu\u00e9 crisis son comunes en los gimnastas?<\/strong><\/p>\n<ul>\n<li><em>La metodolog\u00eda es buena. Cuando vemos que un ejercicio no se cumple bien regresamos a los ejercicios anteriores para formar base y llegar a ese elemento con facilidad. Esto con el fin de no comernos ning\u00fan paso a la hora de elaborar la t\u00e9cnica. Aparte, como soy juez, me enfoco en el error y corrijo y no solo a los grupos infantil y juvenil, tambi\u00e9n a los mayores.<\/em><\/li>\n<\/ul>\n<p><em>Las crisis en los deportistas son los miedos, la ansiedad que los bloquea a la hora de ejecutar un ejercicio nuevo o ejercicios conocidos que por ansiedad fallan. Entonces, esto hay que trabajarlo directo con el deportista.<\/em><\/p>\n<p><strong>\u00bfEn qu\u00e9 cambia&nbsp; la metodolog\u00eda al trabajar categor\u00edas infantiles, juveniles y mayores?<\/strong><\/p>\n<ul>\n<li><em>He trabajado con la parte infantil y juvenil, pero tambi\u00e9n me meto en las categor\u00edas mayores. Es un cambio para uno como entrenador,&nbsp; porque con la infantil hay que tener m\u00e1s cuidado, empiezan el proceso como deportistas; en la juvenil empiezan<\/em> <em>a crecer, tienen m\u00e1s agilidad para ejecutar ejercicios. Cuando se lleva el proceso es m\u00e1s f\u00e1cil para trabajar.<\/em><\/li>\n<\/ul>\n<p><strong>\u00bfQu\u00e9 plus considera que tiene la categor\u00eda infantil sobre las dem\u00e1s?<\/strong><\/p>\n<ul>\n<li><em>La infantil es la base de todo. Ah\u00ed uno se da cuenta de si el deportista va a ser o no va a ser. A esa categor\u00eda llegan deportistas que son fuertes, pero no son flexibles, o son flexibles pero no tienen fuerza. Empieza a trabajarse con los que necesitan ser fuertes o necesitan ser flexibles. He trabajado con estas categor\u00edas debido a que mi proceso viene desde hace mucho tiempo con Giovanni Quintero, Jes\u00fas Romero, Fabi\u00e1n Mesa. Llegu\u00e9 a ser asistente de mi compa\u00f1ero Alexander Rangel.<\/em><\/li>\n<\/ul>\n<p><strong>\u00bfEl deportista m\u00e1s disciplinado y el m\u00e1s indisciplinado?<\/strong><\/p>\n<ul>\n<li><em>Ha llegado de todo. Miedosos, pero hemos superado esos miedos; con muchas cualidades; cansones, pero con el respeto que hemos implantado cambian en el gimnasio y afuera.<\/em><\/li>\n<\/ul>\n<p><strong>\u00bfQu\u00e9 tan importante es que el gimnasta tenga buen desempe\u00f1o acad\u00e9mico?<\/strong><\/p>\n<ul>\n<li><em> Hemos tratado, con el profesor Jairo Ruiz, de hacerles un seguimiento para ver si van bien o si van mal. Se contratan asesores para que los ayuden a levantar el nivel acad\u00e9mico. Ac\u00e1 tambi\u00e9n hace parte la familia, porque no todas las veces tenemos tiempo para estar pendientes. No esperamos que sean estudiantes perfectos, pero s\u00ed que pasen el a\u00f1o escolar. Esto debido a las competencias internacionales que les quitan tiempo al proceso acad\u00e9mico. Cuando salimos del pa\u00eds llevan cuadernos y libros. En los tiempos libres entre las competencias cumplen el rol como estudiantes.<\/em><\/li>\n<\/ul>\n<p><strong>\u00bfSe imagin\u00f3 que &nbsp;la gimnasia nortesantandereana ser\u00eda determinante para la gimnasia colombiana?<\/strong><\/p>\n<ul>\n<li><em>M\u00e1s que imaginarlo nos trazamos metas. Todo esto se ha logrado por el profesor Jairo Ruiz, quien ha luchado por las metas y cada vez se plantea m\u00e1s. Es importante que vengan gimnastas de otras partes del mundo, porque nos ha fortalecido, nos hace crecer y nos hace madurar y fortalecer.<\/em><\/li>\n<\/ul>\n<p><strong>\u00bfQu\u00e9 hace en sus tiempos libres?<\/strong><\/p>\n<ul>\n<li><em>Estar con mi familia. Tengo esposa, llevo tres a\u00f1os de casado, tengo una hija, me gusta salir de compras, visitar los pueblos, entregarme a mi familia. Me gusta el rol de padre, porque desde que llegu\u00e9 a esa etapa me ha cambiado la vida.<\/em><\/li>\n<\/ul>\n<p><strong>\u00bfLe gustar\u00eda que su hija fuera gimnasta?<\/strong><\/p>\n<ul>\n<li><em>Es dif\u00edcil. Quiero que se dedique a otro deporte, gimnasta no. Ha venido al gimnasio varias veces, la veo cuando corre por la pedana, se monta a las barras, a pesar de la corta edad, y la veo<\/em> <em>tan feliz. Pero no, no quiero que pase por este deporte. Este deporte lo viv\u00ed, es complejo formar al deportista. No importa el deporte que practique. La verdad, a mi hija no la veo como gimnasta, la veo como tenista o patinadora. Pero es lo que el hijo quiera no lo que el pap\u00e1 quiera.<\/em><\/li>\n<\/ul>\n<p><strong>Si se llega a dar que su hija sea gimnasta, \u00bfse imagina en el rol de pap\u00e1 y entrenador?<\/strong><\/p>\n<ul>\n<li><em>No est\u00e1 de m\u00e1s. Mi esposa quiere que sea gimnasta y que yo sea el entrenador. No va a ser mi \u00fanica hija, esperemos a ver qu\u00e9 pasa. <\/em><\/li>\n<\/ul>\n<p><strong>\u00bfC\u00f3mo describe a Dennis Beltr\u00e1n?<\/strong><\/p>\n<ul>\n<li><em>Soy alegre cuando tengo que hacer alegre, metido en mis cosas, en mi trabajo, con cambios bruscos que iniciaron cuando empec\u00e9 a estudiar como sic\u00f3logo, creo que esta carrera es para todo el mundo, porque antes del cambio en los pacientes, lo debo hacer conmigo. Muchas veces dicen que soy de genio volado; pero no, soy alegre, dado a los dem\u00e1s y nunca cambiar\u00e9, porque si tengo para dar lo dar\u00e9 al que lo necesita. <\/em><\/li>\n<\/ul>\n<p>&nbsp;<\/p>\n<p><strong>JORDY ORLANDO CRUZ0<\/strong> <\/p>\n","protected":false},"excerpt":{"rendered":"<p>C\u00daCUTA.- Este exgimnasta y ahora&nbsp; sic\u00f3logo, juez internacional, entrenador y asistente es una de las piezas fundamentales en el equipo de trabajo del profesor Jairo Ruiz Casas para lograr que la gimnasia nortesantandereana sea determinante en los logros &nbsp;para Colombia. \u00bfQu\u00e9 recuerda de su \u00e9poca como gimnasta? Mi etapa como deportista fue fuerte debido a &hellip;<\/p>\n","protected":false},"author":1,"featured_media":31472,"comment_status":"open","ping_status":"open","sticky":false,"template":"","format":"standard","meta":{"footnotes":""},"categories":[4,28],"tags":[3961,3920,639,2132],"class_list":["post-31471","post","type-post","status-publish","format-standard","has-post-thumbnail","hentry","category-barra","category-vistazo-deportivo","tag-dennis-beltran","tag-gimnastas-cucutenos","tag-jossimar-calvo","tag-liga-de-gimnasia-de-norte-de-santander"],"_links":{"self":[{"href":"https:\/\/contraluzcucuta.co\/index.php?rest_route=\/wp\/v2\/posts\/31471","targetHints":{"allow":["GET"]}}],"collection":[{"href":"https:\/\/contraluzcucuta.co\/index.php?rest_route=\/wp\/v2\/posts"}],"about":[{"href":"https:\/\/contraluzcucuta.co\/index.php?rest_route=\/wp\/v2\/types\/post"}],"author":[{"embeddable":true,"href":"https:\/\/contraluzcucuta.co\/index.php?rest_route=\/wp\/v2\/users\/1"}],"replies":[{"embeddable":true,"href":"https:\/\/contraluzcucuta.co\/index.php?rest_route=%2Fwp%2Fv2%2Fcomments&post=31471"}],"version-history":[{"count":1,"href":"https:\/\/contraluzcucuta.co\/index.php?rest_route=\/wp\/v2\/posts\/31471\/revisions"}],"predecessor-version":[{"id":31473,"href":"https:\/\/contraluzcucuta.co\/index.php?rest_route=\/wp\/v2\/posts\/31471\/revisions\/31473"}],"wp:featuredmedia":[{"embeddable":true,"href":"https:\/\/contraluzcucuta.co\/index.php?rest_route=\/wp\/v2\/media\/31472"}],"wp:attachment":[{"href":"https:\/\/contraluzcucuta.co\/index.php?rest_route=%2Fwp%2Fv2%2Fmedia&parent=31471"}],"wp:term":[{"taxonomy":"category","embeddable":true,"href":"https:\/\/contraluzcucuta.co\/index.php?rest_route=%2Fwp%2Fv2%2Fcategories&post=31471"},{"taxonomy":"post_tag","embeddable":true,"href":"https:\/\/contraluzcucuta.co\/index.php?rest_route=%2Fwp%2Fv2%2Ftags&post=31471"}],"curies":[{"name":"wp","href":"https:\/\/api.w.org\/{rel}","templated":true}]}}