{"id":31468,"date":"2017-12-23T09:54:01","date_gmt":"2017-12-23T14:54:01","guid":{"rendered":"http:\/\/contraluzcucuta.co\/?p=31468"},"modified":"2017-12-23T09:54:01","modified_gmt":"2017-12-23T14:54:01","slug":"notas-al-margen-los-ojos-y-oidos-de-los-presidentes-de-venezuela-y-colombia","status":"publish","type":"post","link":"https:\/\/contraluzcucuta.co\/?p=31468","title":{"rendered":"NOTAS AL MARGEN.\u00a0 A los ojos y o\u00eddos de los presidentes de Venezuela y Colombia"},"content":{"rendered":"<p style=\"padding-left: 30px;\"><span style=\"color: #ff6600;\">1.- Las relaciones entre Colombia y Venezuela pasan por uno de los momentos m\u00e1s lamentables y tristes del extenso e importante historial, porque como bien anotaba el libertador Sim\u00f3n Bol\u00edvar: &#8220;El no habernos compuesto con Santander, nos ha perjudicado a todos\u201d. <\/span><\/p>\n<p>Es una m\u00e1xima que a\u00fan tiene implicaciones, como lo demuestran los hechos y las circunstancias&nbsp; que acontecen entre los poderes centrales de las dos naciones, que siguen sin entender el valor y la trascendencia de las situaciones que se viven en las fronteras y los l\u00edmites, porque en lugar de propiciar f\u00f3rmulas y soluciones a posibilidades que se enmarcan en esas&nbsp; fajas territoriales, para procesos de acci\u00f3n compartida y beneficio conjunto, como podr\u00edan ser la creaci\u00f3n de parques industriales y tecnol\u00f3gicos, Zonas Francas Especializadas y una Zona Aduanera para Maquiladoras \u2013como se propuso por conducto de las Canciller\u00edas &#8211; con las que se generar\u00eda empleos, innovaci\u00f3n, investigaci\u00f3n, capacitaci\u00f3n y un nuevo y moderno proceso de cambio y trasformaci\u00f3n al utilizar productos y ventajas comparativas hasta ahora no utilizadas, as\u00ed como una mejor aplicaci\u00f3n de la ubicaci\u00f3n geoestrat\u00e9gica, porque&nbsp; lo que hay es aplazamientos, demoras, discordias, pugnacidad y, \u00faltimamente, amenazas, como ha ocurrido con el presidente venezolano Nicol\u00e1s Maduro, quien anunci\u00f3 la adopci\u00f3n de medidas sorpresivas para C\u00facuta y Maicao, cuando lo que se cre\u00eda era que la petici\u00f3n &nbsp;y la&nbsp; creaci\u00f3n del Ministerio de Fronteras y de la Contralor\u00eda de Fronteras, solicitada por sectores fronterizos colombianos que ans\u00edan el progreso del 53 %&nbsp; de la faja territorial nacional que representan, tendr\u00eda alg\u00fan eco en Venezuela y as\u00ed se permitir\u00eda el inicio de una nueva etapa y de unas perspectivas progresistas y&nbsp; con gran visi\u00f3n de futuro.<\/p>\n<p>2.- Duele mucho reconocer lo que sucede, porque el impacto de lo que domina el panorama fronterizo puede ser m\u00e1s grave al t\u00e9rmino de los festejos de Navidad y ante la imposibilidad de avanzar en temas y materias que involucran y comprometen a los poderes centrales de las dos naciones, porque corresponden a compromisos del m\u00e1s alto nivel en lo econ\u00f3mico, social y pol\u00edtico, dada la apat\u00eda, la indiferencia y la desoladora omisi\u00f3n de una presencia generosa, altiva, productiva&nbsp; e integracionista positiva, como se expuso y anhelaban los actores de nuestra Independencia&nbsp;&nbsp; y forjadores de nuestra institucionalidad.<\/p>\n<p>3.- Los presidentes de Colombia y Venezuela, ante los hechos existentes y teniendo por testigos a colombianos y venezolanos, lo que bien pudieran hacer \u2013 y ser\u00edan aplaudidos &#8211; es propiciar un encuentro abierto y de amplia proyecci\u00f3n en procura de acciones, metas y entendimientos, que generen planes, programas y prospectos de beneficio conjunto a favor de tareas y labores impulsadores de fuentes de empleo, industrializaci\u00f3n, mejoramiento de cultivos y ligamentos internacionales&nbsp; que nos permitan un horizonte vivificador y constructivo. Y, ellos deben saber que las fronteras son sitios y lugares de trascendencia, que necesitan y con urgencia respaldos, apoyos, incentivos, est\u00edmulos, mecanismos en diferentes campos y actividades, especialmente en lo educativo y formativo, la seguridad y la salud, sin olvidar la integraci\u00f3n, la mutua solidaridad y la formaci\u00f3n de una nueva sociedad.<\/p>\n<p>Pero, amenazas, nunca, porque est\u00e1 demostrado hasta la saciedad que somos hermanos y no enemigos. Y lo que se requiere con urgencia es &nbsp;laborar positivamente y&nbsp;&nbsp; productivamente en equipo y con fe en el futuro. Ojal\u00e1 haya ojos y o\u00eddos para captar el sentir&nbsp; y el clamor de las fronteras e iniciar el proceso de cambio, conformando una comisi\u00f3n bilateral fronteriza, al m\u00e1s alto nivel para enfocar y analizar lo mucho que puede obtenerse, fortaleciendo la fraternidad y la uni\u00f3n con visi\u00f3n de futuro y en una gran labor de conjunto.<\/p>\n<p>&nbsp;<\/p>\n<p><strong>JOS\u00c9 NEIRA REY<\/strong> <\/p>\n","protected":false},"excerpt":{"rendered":"<p>1.- Las relaciones entre Colombia y Venezuela pasan por uno de los momentos m\u00e1s lamentables y tristes del extenso e importante historial, porque como bien anotaba el libertador Sim\u00f3n Bol\u00edvar: &#8220;El no habernos compuesto con Santander, nos ha perjudicado a todos\u201d. Es una m\u00e1xima que a\u00fan tiene implicaciones, como lo demuestran los hechos y las &hellip;<\/p>\n","protected":false},"author":1,"featured_media":31469,"comment_status":"open","ping_status":"open","sticky":false,"template":"","format":"standard","meta":{"footnotes":""},"categories":[74,4],"tags":[2483,382,3875,956,278],"class_list":["post-31468","post","type-post","status-publish","format-standard","has-post-thumbnail","hentry","category-aula-universitaria","category-barra","tag-crisis-en-la-frontera","tag-jose-neira","tag-nicoas-maduro","tag-notas-al-margen","tag-presidente-juan-manuel-santos"],"_links":{"self":[{"href":"https:\/\/contraluzcucuta.co\/index.php?rest_route=\/wp\/v2\/posts\/31468","targetHints":{"allow":["GET"]}}],"collection":[{"href":"https:\/\/contraluzcucuta.co\/index.php?rest_route=\/wp\/v2\/posts"}],"about":[{"href":"https:\/\/contraluzcucuta.co\/index.php?rest_route=\/wp\/v2\/types\/post"}],"author":[{"embeddable":true,"href":"https:\/\/contraluzcucuta.co\/index.php?rest_route=\/wp\/v2\/users\/1"}],"replies":[{"embeddable":true,"href":"https:\/\/contraluzcucuta.co\/index.php?rest_route=%2Fwp%2Fv2%2Fcomments&post=31468"}],"version-history":[{"count":1,"href":"https:\/\/contraluzcucuta.co\/index.php?rest_route=\/wp\/v2\/posts\/31468\/revisions"}],"predecessor-version":[{"id":31470,"href":"https:\/\/contraluzcucuta.co\/index.php?rest_route=\/wp\/v2\/posts\/31468\/revisions\/31470"}],"wp:featuredmedia":[{"embeddable":true,"href":"https:\/\/contraluzcucuta.co\/index.php?rest_route=\/wp\/v2\/media\/31469"}],"wp:attachment":[{"href":"https:\/\/contraluzcucuta.co\/index.php?rest_route=%2Fwp%2Fv2%2Fmedia&parent=31468"}],"wp:term":[{"taxonomy":"category","embeddable":true,"href":"https:\/\/contraluzcucuta.co\/index.php?rest_route=%2Fwp%2Fv2%2Fcategories&post=31468"},{"taxonomy":"post_tag","embeddable":true,"href":"https:\/\/contraluzcucuta.co\/index.php?rest_route=%2Fwp%2Fv2%2Ftags&post=31468"}],"curies":[{"name":"wp","href":"https:\/\/api.w.org\/{rel}","templated":true}]}}