{"id":31414,"date":"2017-12-14T20:08:23","date_gmt":"2017-12-15T01:08:23","guid":{"rendered":"http:\/\/contraluzcucuta.co\/?p=31414"},"modified":"2017-12-14T20:08:23","modified_gmt":"2017-12-15T01:08:23","slug":"cronica-al-oido-de-santos-el-paramo-santurban-no-esta-la-venta","status":"publish","type":"post","link":"https:\/\/contraluzcucuta.co\/?p=31414","title":{"rendered":"CR\u00d3NICA. Al o\u00eddo de Santos: el p\u00e1ramo Santurban no est\u00e1 a la venta"},"content":{"rendered":"<p style=\"padding-left: 30px;\"><span style=\"color: #ff6600;\"><em>Me tiene muy preocupa\u2019o,<\/em><\/span><\/p>\n<p style=\"padding-left: 30px;\"><span style=\"color: #ff6600;\"><em>Arrecho y con mucho aj\u00e1n<\/em><\/span><\/p>\n<p style=\"padding-left: 30px;\"><span style=\"color: #ff6600;\"><em>Ver que el mugre de Gobierno<\/em><\/span><\/p>\n<p style=\"padding-left: 30px;\"><span style=\"color: #ff6600;\"><em>Ta\u2019 que vende Santurb\u00e1n<\/em><\/span><\/p>\n<p>As\u00ed comienza el poema \u2018Santurban no est\u00e1 a la venta\u2019, escrito por Daniel Eduardo vera, \u201cun toche campesino y maestro cachirense que labora en Arboledas\u201d. El texto hace alusi\u00f3n a la decisi\u00f3n tomada por el presidente Juan Manuel Santos de permitirle a la empresa \u00e1rabe Minesa la exploraci\u00f3n y explotaci\u00f3n de oro en el <a href=\"http:\/\/www.minambiente.gov.co\/index.php\/bosques-biodiversidad-y-servicios-ecosistematicos\/participacion-delimitacion-paramo-santurban\">p\u00e1ramo Santurban<\/a>.<\/p>\n<p><em>La multinacional Minesa, <\/em><\/p>\n<p><em>De un \u00e1rabe medio pobre,<\/em><\/p>\n<p><em>Quiere explotar por veinte a\u00f1os<\/em><\/p>\n<p><em>Nuestro oro, pirita y cobre.<\/em><\/p>\n<p>El texto se distribuy\u00f3, este jueves, en la manifestaci\u00f3n organizada en C\u00facuta con ocasi\u00f3n de la visita del ministro del ambiente Luis Gilberto Murillo para hacer la rendici\u00f3n de cuentas sobre su gesti\u00f3n. A la entrada del teatro Zulima, sitio escogido para la reuni\u00f3n, j\u00f3venes cucute\u00f1os arengaron contra la determinaci\u00f3n gubernamental.<\/p>\n<p>En la comparsa participaron la Parca, dos jeques, un campesino y otros personajes, que portaron carteles con mensajes alusivos a la \u2018venta\u2019 del p\u00e1ramo. El arrastrador \u00e1rabe, para emular a sus colegas cucute\u00f1os, se pase\u00f3 por entre los asistentes a la jornada y ofrec\u00eda sus servicios. \u201cCompro p\u00e1ramos, compro p\u00e1ramos\u201d.<\/p>\n<p>De la maleta negra asomaban los billetes para llevar a cabo la transacci\u00f3n de manera inmediata. No hubo clientes para cerrar el negocio. El Ministro hizo caso omiso a la oferta y sigui\u00f3 raudo, y bien protegido, para el teatro donde lo esperaban cientos de cucute\u00f1os que oir\u00edan su informe.<\/p>\n<p><em>Lo duro del negocito,<\/em><\/p>\n<p><em>M\u00e1s que una pepa de tagua,<\/em><\/p>\n<p><em>Es que se cargan el oro<\/em><\/p>\n<p><em>Y aqu\u00ed nos dejan sin agua.<\/em><\/p>\n<p>Ram\u00f3n Soler naci\u00f3 en el barrio San Luis (C\u00facuta), es panchero, y lleg\u00f3 a la manifestaci\u00f3n meg\u00e1fono en mano para arengar sobre la necesidad de dejar el p\u00e1ramo como est\u00e1. No ha ido a Santurb\u00e1n, espera hacerlo pronto, y a\u00f1ora los caudales de los r\u00edos Pamplonita y Zulia.<\/p>\n<p>\u201cEs el momento para decirles al Gobierno, a los cucute\u00f1os, a los nortesantandereanos, que Santurban no est\u00e1 en venta\u201d. La voz es melanc\u00f3lica y suena suave ante el ruido que producen los veh\u00edculos que bajan por la avenida Quinta, a mitad de ma\u00f1ana. \u201cSi quiere al p\u00e1ramo, pita\u201d, instaban los j\u00f3venes a los conductores para que se unieran a la protesta.<\/p>\n<p>La intenci\u00f3n de la manifestaci\u00f3n era la defensa del patrimonio regional y de los recursos naturales, para evitar la destrucci\u00f3n de la flora y la fauna. \u201cNuestro oro es el agua\u201d, es la apuesta de Soler y los muchachos que no paraban de saltar, gritar y vociferar, mientras el ministro contin\u00faa con la rendici\u00f3n de cuentas.<\/p>\n<p><em>El por qu\u00e9 son tan rebrutos<\/em><\/p>\n<p><em>Es algo que a\u00fan ignoro,<\/em><\/p>\n<p><em>\u00bfPues cuando se acabe el agua<\/em><\/p>\n<p><em>Pensar\u00e1n jartarse el oro?<\/em><\/p>\n<p>Ram\u00f3n es miembro del sindicato de trabajadores de la Universidad Francisco de Paula Santander, lleva sombrero con el tricolor nacional, poncho con las insignias de la instituci\u00f3n educativa, meg\u00e1fono y un papel para apoyar las diatribas contra Santos y los \u00e1rabes. \u201cEs un deber moral, social y pol\u00edtico, defender ese patrimonio\u201d.<\/p>\n<p>Si el Gobierno busca dinero para financiar el posconflicto lo puede hacer de otra manera o por otros medios. \u201cDeje quietos nuestros recursos naturales. \u00a1Por Dios! El p\u00e1ramo de Santurban no est\u00e1 a la venta, se\u00f1or Presidente\u201d.<\/p>\n<p>Mientras el redoblante llamaba la atenci\u00f3n de los transe\u00fantes, adentro, con aforo completo, el ministro Murillo se encargaba de otros puntos en la rendici\u00f3n de cuentas y no daba mayor importancia al asunto que ha movido a nortesantandereanos y satandereanos por la defensa del p\u00e1ramo.<\/p>\n<p>\u201cEn las prioridades del Ministerio figura completar la delimitaci\u00f3n de los p\u00e1ramos y dejar bien regulado todo lo que tiene que ver con su zonificaci\u00f3n, sus planes de manejo y los procesos de reconversi\u00f3n\u201d. Eso fue todo lo que inform\u00f3 la oficina de prensa del Ministerio acerca de la alusi\u00f3n del titular de la cartera.<\/p>\n<p><em>Joderse en nuestros recursos<\/em><\/p>\n<p><em>Piensan que nada les cuesta<\/em><\/p>\n<p><em>Y ya hasta quieren negarnos <\/em><\/p>\n<p><em>El derecho a la protesta.<\/em><\/p>\n<p>El ministro Murillo, seg\u00fan la oficina de prensa, explic\u00f3 que el programa Herencia Colombia garantizar\u00e1 la conservaci\u00f3n, uso sostenible y financiaci\u00f3n a perpetuidad de 20 millones de hect\u00e1reas del Sistema Nacional de \u00c1reas Protegidas (Sinap) con miras a garantizar los servicios ecosist\u00e9micos que brinda la biodiversidad a millones de colombianos.<\/p>\n<p>El 19 de diciembre de 2014, el Ministerio expidi\u00f3 la Resoluci\u00f3n 2090, que delimit\u00f3 el P\u00e1ramo Jurisdicciones &#8211; Santurb\u00e1n \u2013 Berl\u00edn. La disposici\u00f3n administrativa fue objeto de acci\u00f3n de tutela, declarada improcedente en primera y segunda instancias por el Tribunal Administrativo de Santander y la Secci\u00f3n Cuarta de la Sala de lo Contencioso Administrativo del Consejo de Estado.<\/p>\n<p>A comienzos de la segunda semana de noviembre, el ministro de Minas y Energ\u00eda, Germ\u00e1n Arce, sorprendi\u00f3 al pa\u00eds con la noticia que no quer\u00eda o\u00edrse. Emiratos \u00c1rabes invertir\u00e1 mil millones de d\u00f3lares para extraer oro, desde el 2018, en el p\u00e1ramo de Santurb\u00e1n.<\/p>\n<p>El presidente Juan Manuel Santos trajo la buena nueva luego de la visita al Oriente Medio. El objetivo del periplo presidencial era hallar inversiones y obtener recursos para los proyectos que adelantan los \u00e1rabes en el pa\u00eds.<\/p>\n<p>\u201cVan a destruir esa flora que se encuentra en ese territorio, van a desplazar a campesinos, van a acabar con la fauna\u201d, se lament\u00f3 Ram\u00f3n Soler a punto de perder el tono de voz de tanto vociferar para que el ministro Murillo escuche ese clamor. El 6 de octubre, los dolientes del p\u00e1ramo marcharon de manera pac\u00edfica. \u201cNuestra lucha tiene eco nacional e internacional\u201d.<\/p>\n<p>Luis Gilberto Murillo termin\u00f3 la reuni\u00f3n. En la calle retumbaban las arengas juveniles en procura de detener la entrega de Santurban a los extranjeros. La Parca no pudo llevarse a nadie en esta ocasi\u00f3n, los billetes de los jeques que compran p\u00e1ramos se mantienen en el malet\u00edn, Ram\u00f3n apag\u00f3 el meg\u00e1fono y quienes escucharon al ministro regresaron a casa con mayores conocimientos acerca del medio ambiente colombiano, pero sin entender si se dar\u00e1 curso a la negociaci\u00f3n con los \u00e1rabes sin importar que el agua llegue contaminada a las casas cucute\u00f1as.<\/p>\n<p><em>Este mugroso Gobierno<\/em><\/p>\n<p><em>Tendr\u00e1 que darse cuenta<\/em><\/p>\n<p><em>Que aqu\u00ed no le convenimos,<\/em><\/p>\n<p><em>Santurban no ta a la venta.<\/em><\/p>\n<p><em>&nbsp;<\/em><\/p>\n<p><strong>RAFAEL ANTONIO PAB\u00d3N<\/strong><\/p>\n<p><strong><a href=\"mailto:rafaelpabon58@hotmail.com\">rafaelpabon58@hotmail.com<\/a><\/strong> <\/p>\n","protected":false},"excerpt":{"rendered":"<p>Me tiene muy preocupa\u2019o, Arrecho y con mucho aj\u00e1n Ver que el mugre de Gobierno Ta\u2019 que vende Santurb\u00e1n As\u00ed comienza el poema \u2018Santurban no est\u00e1 a la venta\u2019, escrito por Daniel Eduardo vera, \u201cun toche campesino y maestro cachirense que labora en Arboledas\u201d. El texto hace alusi\u00f3n a la decisi\u00f3n tomada por el presidente &hellip;<\/p>\n","protected":false},"author":1,"featured_media":31415,"comment_status":"open","ping_status":"open","sticky":false,"template":"","format":"standard","meta":{"footnotes":""},"categories":[45,4,347],"tags":[3951,3156,200],"class_list":["post-31414","post","type-post","status-publish","format-standard","has-post-thumbnail","hentry","category-destacado","category-barra","category-medio-ambiente","tag-luis-gilberto-murillo-urrutia","tag-ministerio-de-ambiente-y-desarrollo-sostenible","tag-paramo-de-santurban"],"_links":{"self":[{"href":"https:\/\/contraluzcucuta.co\/index.php?rest_route=\/wp\/v2\/posts\/31414","targetHints":{"allow":["GET"]}}],"collection":[{"href":"https:\/\/contraluzcucuta.co\/index.php?rest_route=\/wp\/v2\/posts"}],"about":[{"href":"https:\/\/contraluzcucuta.co\/index.php?rest_route=\/wp\/v2\/types\/post"}],"author":[{"embeddable":true,"href":"https:\/\/contraluzcucuta.co\/index.php?rest_route=\/wp\/v2\/users\/1"}],"replies":[{"embeddable":true,"href":"https:\/\/contraluzcucuta.co\/index.php?rest_route=%2Fwp%2Fv2%2Fcomments&post=31414"}],"version-history":[{"count":1,"href":"https:\/\/contraluzcucuta.co\/index.php?rest_route=\/wp\/v2\/posts\/31414\/revisions"}],"predecessor-version":[{"id":31416,"href":"https:\/\/contraluzcucuta.co\/index.php?rest_route=\/wp\/v2\/posts\/31414\/revisions\/31416"}],"wp:featuredmedia":[{"embeddable":true,"href":"https:\/\/contraluzcucuta.co\/index.php?rest_route=\/wp\/v2\/media\/31415"}],"wp:attachment":[{"href":"https:\/\/contraluzcucuta.co\/index.php?rest_route=%2Fwp%2Fv2%2Fmedia&parent=31414"}],"wp:term":[{"taxonomy":"category","embeddable":true,"href":"https:\/\/contraluzcucuta.co\/index.php?rest_route=%2Fwp%2Fv2%2Fcategories&post=31414"},{"taxonomy":"post_tag","embeddable":true,"href":"https:\/\/contraluzcucuta.co\/index.php?rest_route=%2Fwp%2Fv2%2Ftags&post=31414"}],"curies":[{"name":"wp","href":"https:\/\/api.w.org\/{rel}","templated":true}]}}