{"id":31396,"date":"2017-12-14T13:11:09","date_gmt":"2017-12-14T18:11:09","guid":{"rendered":"http:\/\/contraluzcucuta.co\/?p=31396"},"modified":"2017-12-14T13:11:09","modified_gmt":"2017-12-14T18:11:09","slug":"dia-mundial-de-la-radio-los-ninos-le-dicen-no-la-polvora","status":"publish","type":"post","link":"https:\/\/contraluzcucuta.co\/?p=31396","title":{"rendered":"D\u00cdA MUNDIAL DE LA RADIO. Los ni\u00f1os le dicen \u2018no a la p\u00f3lvora\u2019"},"content":{"rendered":"<p style=\"padding-left: 30px;\"><span style=\"color: #ff6600;\"><strong>C\u00daCUTA.- <\/strong>Ni\u00f1os de Norte de Santander, por medio de cartas, manifestaron preocupaci\u00f3n por la utilizaci\u00f3n de p\u00f3lvora en esta \u00e9poca decembrina. Los peque\u00f1os visitaron varios medios de comunicaci\u00f3n, en el D\u00eda Mundial de la radio y la televisi\u00f3n a favor de la infancia.<\/span><\/p>\n<p>La fecha brinda una oportunidad para que los menores de edad sean incluidos como protagonistas de los hechos noticiosos y sean generadores de contenidos.<\/p>\n<p>Padres de familia acompa\u00f1aron a los hijos, de entre 7 y 12 a\u00f1os, quienes por medio de la radio, la prensa, la televisi\u00f3n y las redes sociales mostraron inter\u00e9s porque no haya ni\u00f1os quemados con p\u00f3lvora en el departamento.<\/p>\n<p>En Norte de Santander solo se ha presentado un caso de un quemado. El objetivo es que no ocurran m\u00e1s hechos de este tipo y que la ciudadan\u00eda informe manera oportuna cuando alguien manipule o venda p\u00f3lvora, porque pone en riesgo la vida y la tranquilidad de todos.<\/p>\n<p>El coronel George Quintero, comandante de la Polic\u00eda Norte de Santander, acompa\u00f1\u00f3 a los ni\u00f1os en la visita a los medios. Dio un balance positivo de los controles a la comercializaci\u00f3n y la manipulaci\u00f3n de p\u00f3lvora, y de las estrategias adelantadas por la instituci\u00f3n, para 40 municipios. Reiter\u00f3 el compromiso de la Polic\u00eda para que las fiestas de fin de a\u00f1o no dejen quemados. <\/p>\n","protected":false},"excerpt":{"rendered":"<p>C\u00daCUTA.- Ni\u00f1os de Norte de Santander, por medio de cartas, manifestaron preocupaci\u00f3n por la utilizaci\u00f3n de p\u00f3lvora en esta \u00e9poca decembrina. Los peque\u00f1os visitaron varios medios de comunicaci\u00f3n, en el D\u00eda Mundial de la radio y la televisi\u00f3n a favor de la infancia. La fecha brinda una oportunidad para que los menores de edad sean &hellip;<\/p>\n","protected":false},"author":1,"featured_media":31397,"comment_status":"open","ping_status":"open","sticky":false,"template":"","format":"standard","meta":{"footnotes":""},"categories":[11],"tags":[3623,3947,716,530],"class_list":["post-31396","post","type-post","status-publish","format-standard","has-post-thumbnail","hentry","category-cronica-roja","tag-coronel-george-quintero","tag-no-a-la-polvora","tag-policia-norte-de-santander","tag-quemados-con-polvora"],"_links":{"self":[{"href":"https:\/\/contraluzcucuta.co\/index.php?rest_route=\/wp\/v2\/posts\/31396","targetHints":{"allow":["GET"]}}],"collection":[{"href":"https:\/\/contraluzcucuta.co\/index.php?rest_route=\/wp\/v2\/posts"}],"about":[{"href":"https:\/\/contraluzcucuta.co\/index.php?rest_route=\/wp\/v2\/types\/post"}],"author":[{"embeddable":true,"href":"https:\/\/contraluzcucuta.co\/index.php?rest_route=\/wp\/v2\/users\/1"}],"replies":[{"embeddable":true,"href":"https:\/\/contraluzcucuta.co\/index.php?rest_route=%2Fwp%2Fv2%2Fcomments&post=31396"}],"version-history":[{"count":1,"href":"https:\/\/contraluzcucuta.co\/index.php?rest_route=\/wp\/v2\/posts\/31396\/revisions"}],"predecessor-version":[{"id":31398,"href":"https:\/\/contraluzcucuta.co\/index.php?rest_route=\/wp\/v2\/posts\/31396\/revisions\/31398"}],"wp:featuredmedia":[{"embeddable":true,"href":"https:\/\/contraluzcucuta.co\/index.php?rest_route=\/wp\/v2\/media\/31397"}],"wp:attachment":[{"href":"https:\/\/contraluzcucuta.co\/index.php?rest_route=%2Fwp%2Fv2%2Fmedia&parent=31396"}],"wp:term":[{"taxonomy":"category","embeddable":true,"href":"https:\/\/contraluzcucuta.co\/index.php?rest_route=%2Fwp%2Fv2%2Fcategories&post=31396"},{"taxonomy":"post_tag","embeddable":true,"href":"https:\/\/contraluzcucuta.co\/index.php?rest_route=%2Fwp%2Fv2%2Ftags&post=31396"}],"curies":[{"name":"wp","href":"https:\/\/api.w.org\/{rel}","templated":true}]}}