{"id":31379,"date":"2017-12-12T15:44:53","date_gmt":"2017-12-12T20:44:53","guid":{"rendered":"http:\/\/contraluzcucuta.co\/?p=31379"},"modified":"2017-12-12T15:44:53","modified_gmt":"2017-12-12T20:44:53","slug":"notas-al-margen-que-partido-o-candidato-propugna-por-el-desarrollo-de-las-fronteras","status":"publish","type":"post","link":"https:\/\/contraluzcucuta.co\/?p=31379","title":{"rendered":"NOTAS AL MARGEN.\u00a0 \u00bfQu\u00e9\u00a0 partido o candidato propugna por el desarrollo de las fronteras?"},"content":{"rendered":"<p style=\"padding-left: 30px;\"><span style=\"color: #ff6600;\">1.- Que las fronteras necesitan una mayor y especial atenci\u00f3n en la composici\u00f3n de los partidos pol\u00edticos y de manera preferencial en el Congreso de la Rep\u00fablica, para que desde el Senado&nbsp; y&nbsp; la C\u00e1mara de Representantes exista una permanente gesti\u00f3n representativa que auxilie a los pobladores de estas fajas territoriales que constituyen el 53 % de la naci\u00f3n, es una realidad que infortunadamente no ha trascendido, porque las actitudes y las conductas partidaristas y los dec\u00e1logos y los prospectos de acci\u00f3n nacionalista siguen sin incluir \u2013como se debe &#8211; a la gente y los territorios ubicados en la periferia&nbsp; y en los l\u00edmites con los pa\u00edses vecinos. Lo demuestra de manera clara y convincente la primera fase de la jornada electoral y el surgimiento de los candidatos a la Presidencia de la Rep\u00fablica y las aspiraciones para ocupar cargos y responsabilidades de senador o&nbsp; representante, ante el Congreso.<\/span><\/p>\n<p>\u00bfPor qu\u00e9? Porque los temas y las propuestas no incluyen entre las prioridades y las acciones emergentes el lamentable estado en que se encuentran los departamentos y las antiguas intendencias y comisar\u00edas, que hoy integran y conforman nuestras fronteras, que en virtual marginamiento y abandono viven momentos y circunstancias delicadas y complejas, porque no hay la verdadera asistencia y apoyo que&nbsp; les urge.<\/p>\n<p>2.- Es conveniente anotar lo expuesto, porque el centralismo imperante es ciego y sordo cuando se alude o cita a las fronteras&nbsp; y a medidas y soluciones que vienen destacando, pero que no se analizan, ni proyectan en realizaciones, porque la representatividad no tiene la fuerza, ni el vigor de una gesti\u00f3n unificada, progresista&nbsp; y suficientemente respaldada. Y esta conducta de pasividad,&nbsp; y hasta de silencio c\u00f3mplice, porque se prefiere y apoya a todo lo que corresponda al centro nacional, pero no a la \u00e1reas que reciben con mayor impacto &nbsp;la falta de carreteras y empalmes viales, f\u00e9rreos y a\u00e9reos, todo lo atinente al agua, los cultivos indispensables y supletorios de la coca, la seguridad social, la educaci\u00f3n y la capacitaci\u00f3n, lo monetario, etc\u00e9tera.<\/p>\n<p>3.- \u00bfHay alg\u00fan partido pol\u00edtico que haya sustentado o abierto caminos de apoyo y decidida&nbsp; acci\u00f3n cooperadora sobre estos territorios nacionales que diariamente claman proyecci\u00f3n&nbsp; y protecci\u00f3n? \u00bfCu\u00e1les son los nombres, entre esos partidos, que tienen como referencia viva y primaria a las fronteras?&nbsp; Definitivamente, la atracci\u00f3n&nbsp; que a los pol\u00edticos les generan Bogot\u00e1, Medell\u00edn,&nbsp; Cali, Barranquilla, Manizales y otras ciudades capitales del centro nacional, contrasta con las visitas apuradas y&nbsp; ocasionales que despliegan sobre C\u00facuta, Pasto, Arauca&nbsp; o&nbsp; cualquier municipio de Urab\u00e1, Amazonas, Vaup\u00e9s, Vichada, Guajira, Putumayo o de cualquier sector de las fronteras.&nbsp;<\/p>\n<p>S\u00ed, en nuestra naci\u00f3n quienes quieran y aspiren a una representaci\u00f3n de estas zonas y \u00e1reas fronterizas necesitan un giro, cambio y&nbsp; trasformaci\u00f3n hacia una noci\u00f3n integral del desarrollo y con visi\u00f3n realista y futurista, si en verdad se quieren evoluci\u00f3n, paz, progreso, uni\u00f3n, armon\u00eda y una concepci\u00f3n amplia y positiva de hermandad, confraternidad e igualdad en el trato.<\/p>\n<p>S\u00ed, la ausencia de pol\u00edticas y de participaci\u00f3n en y sobre las fronteras, exige un pronto&nbsp; replanteamiento.<\/p>\n<p><strong>JOS\u00c9 NEIRA REY<\/strong> <\/p>\n","protected":false},"excerpt":{"rendered":"<p>1.- Que las fronteras necesitan una mayor y especial atenci\u00f3n en la composici\u00f3n de los partidos pol\u00edticos y de manera preferencial en el Congreso de la Rep\u00fablica, para que desde el Senado&nbsp; y&nbsp; la C\u00e1mara de Representantes exista una permanente gesti\u00f3n representativa que auxilie a los pobladores de estas fajas territoriales que constituyen el 53 &hellip;<\/p>\n","protected":false},"author":1,"featured_media":31380,"comment_status":"open","ping_status":"open","sticky":false,"template":"","format":"standard","meta":{"footnotes":""},"categories":[14,4],"tags":[1056,3940,3941,382,956],"class_list":["post-31379","post","type-post","status-publish","format-standard","has-post-thumbnail","hentry","category-articulistas","category-barra","tag-candidatos-a-la-camara-de-representantes","tag-candidatos-a-la-presidencia","tag-candidatos-al-senado","tag-jose-neira","tag-notas-al-margen"],"_links":{"self":[{"href":"https:\/\/contraluzcucuta.co\/index.php?rest_route=\/wp\/v2\/posts\/31379","targetHints":{"allow":["GET"]}}],"collection":[{"href":"https:\/\/contraluzcucuta.co\/index.php?rest_route=\/wp\/v2\/posts"}],"about":[{"href":"https:\/\/contraluzcucuta.co\/index.php?rest_route=\/wp\/v2\/types\/post"}],"author":[{"embeddable":true,"href":"https:\/\/contraluzcucuta.co\/index.php?rest_route=\/wp\/v2\/users\/1"}],"replies":[{"embeddable":true,"href":"https:\/\/contraluzcucuta.co\/index.php?rest_route=%2Fwp%2Fv2%2Fcomments&post=31379"}],"version-history":[{"count":1,"href":"https:\/\/contraluzcucuta.co\/index.php?rest_route=\/wp\/v2\/posts\/31379\/revisions"}],"predecessor-version":[{"id":31381,"href":"https:\/\/contraluzcucuta.co\/index.php?rest_route=\/wp\/v2\/posts\/31379\/revisions\/31381"}],"wp:featuredmedia":[{"embeddable":true,"href":"https:\/\/contraluzcucuta.co\/index.php?rest_route=\/wp\/v2\/media\/31380"}],"wp:attachment":[{"href":"https:\/\/contraluzcucuta.co\/index.php?rest_route=%2Fwp%2Fv2%2Fmedia&parent=31379"}],"wp:term":[{"taxonomy":"category","embeddable":true,"href":"https:\/\/contraluzcucuta.co\/index.php?rest_route=%2Fwp%2Fv2%2Fcategories&post=31379"},{"taxonomy":"post_tag","embeddable":true,"href":"https:\/\/contraluzcucuta.co\/index.php?rest_route=%2Fwp%2Fv2%2Ftags&post=31379"}],"curies":[{"name":"wp","href":"https:\/\/api.w.org\/{rel}","templated":true}]}}