{"id":31360,"date":"2017-12-10T18:13:55","date_gmt":"2017-12-10T23:13:55","guid":{"rendered":"http:\/\/contraluzcucuta.co\/?p=31360"},"modified":"2017-12-10T18:13:55","modified_gmt":"2017-12-10T23:13:55","slug":"nuevo-gramalote-listos-recursos-para-construir-casas-de-la-cultura-del-adulto-mayor-y-del-campesino","status":"publish","type":"post","link":"https:\/\/contraluzcucuta.co\/?p=31360","title":{"rendered":"NUEVO GRAMALOTE. Listos recursos para construir casas de la\u00a0Cultura, del Adulto Mayor y del Campesino"},"content":{"rendered":"<p style=\"padding-left: 30px;\"><span style=\"color: #ff6600;\"><strong>GRAMALOTE \u2013 Norte de Santander.-<\/strong> El nuevo municipio tiene garantizados los recursos econ\u00f3micos para construir las casas de la Cultura, del Adulto Mayor y del Campesino, el polideportivo y obras de estabilizaci\u00f3n vial. As\u00ed lo confirmaron el ministro de Hacienda, Mauricio C\u00e1rdenas; el gerente del Fondo Adaptaci\u00f3n, Iv\u00e1n Mustaf\u00e1, y el gobernador William Villamizar.<\/span><\/p>\n<p>La noticia la entreg\u00f3 la comisi\u00f3n de los gobiernos departamental y nacional durante el recorrido por el casco urbano del nuevo municipio. Las obras se constituir\u00e1n en una especie de centros subregionales, que podr\u00edan apoyar procesos desarrollados en Lourdes, Santiago, Cucutilla, Arboledas y Salazar de Las Palmas.<\/p>\n<p>\u201cEl 80 % de Gramalote ha sido construido, con sus v\u00edas de acceso\u201d, expres\u00f3 Villamizar Laguado. Reconoci\u00f3 el esfuerzo del gobierno nacional, por medio del Fondo Adaptaci\u00f3n, para ejecutar las obras. La Gobernaci\u00f3n ha acompa\u00f1ado el proceso y ha hecho algunas inversiones en el municipio.<\/p>\n<p>\u201cNos alegra que el 70 % de las viviendas est\u00e1 termino y la dotaci\u00f3n y el equipamiento que engalanar\u00e1n al municipio\u201d, dijo el gobernador Villamizar. Los visitantes aprovecharon la ocasi\u00f3n para entregar cinco nuevas viviendas a familias beneficiadas y la plaza de mercado, donde se exhibieron frutas y productos de la zona. Tambi\u00e9n, inspeccionaron el colegio, la Alcald\u00eda y el parque principal, entre otras obras.<\/p>\n<p>\u201cEl casco urbano va a quedar construido en julio de 2018. Se trata del municipio m\u00e1s moderno del pa\u00eds\u201d, dijo el ministro Mauricio C\u00e1rdenas. Est\u00e1 adaptado al cambio clim\u00e1tico, de manera que los habitantes tengan las mejores condiciones. Es un municipio insignia que recibir\u00e1 una inversi\u00f3n mayor a los $ 400.000 millones.<\/p>\n<p>El gerente del Fondo Adaptaci\u00f3n, Iv\u00e1n Mustaf\u00e1, agreg\u00f3 que en este diciembre habr\u00e1 700 familias en el nuevo casco urbano y que entre marzo y abril ser\u00e1n 1007.<\/p>\n<p>\u201cLa visita institucional del Gobernador y del Ministro de Hacienda ha sido positiva\u201d, afirm\u00f3 el alcalde Jos\u00e9 Tarcisio Celis. Se hizo el anuncio y la firma de los contratos para las casas de la Cultura, del Adulto Mayor y del Campesino, el polideportivo y obras de estabilizaci\u00f3n vial. <\/p>\n","protected":false},"excerpt":{"rendered":"<p>GRAMALOTE \u2013 Norte de Santander.- El nuevo municipio tiene garantizados los recursos econ\u00f3micos para construir las casas de la Cultura, del Adulto Mayor y del Campesino, el polideportivo y obras de estabilizaci\u00f3n vial. As\u00ed lo confirmaron el ministro de Hacienda, Mauricio C\u00e1rdenas; el gerente del Fondo Adaptaci\u00f3n, Iv\u00e1n Mustaf\u00e1, y el gobernador William Villamizar. La &hellip;<\/p>\n","protected":false},"author":1,"featured_media":31362,"comment_status":"open","ping_status":"open","sticky":false,"template":"","format":"standard","meta":{"footnotes":""},"categories":[4,32],"tags":[1248,379,3759,153],"class_list":["post-31360","post","type-post","status-publish","format-standard","has-post-thumbnail","hentry","category-barra","category-recorrido-por-la-region","tag-fondo-adaptacion","tag-gobernacion-de-norte-de-santander","tag-ministerio-de-hacienda","tag-nuevo-gramalote"],"_links":{"self":[{"href":"https:\/\/contraluzcucuta.co\/index.php?rest_route=\/wp\/v2\/posts\/31360","targetHints":{"allow":["GET"]}}],"collection":[{"href":"https:\/\/contraluzcucuta.co\/index.php?rest_route=\/wp\/v2\/posts"}],"about":[{"href":"https:\/\/contraluzcucuta.co\/index.php?rest_route=\/wp\/v2\/types\/post"}],"author":[{"embeddable":true,"href":"https:\/\/contraluzcucuta.co\/index.php?rest_route=\/wp\/v2\/users\/1"}],"replies":[{"embeddable":true,"href":"https:\/\/contraluzcucuta.co\/index.php?rest_route=%2Fwp%2Fv2%2Fcomments&post=31360"}],"version-history":[{"count":1,"href":"https:\/\/contraluzcucuta.co\/index.php?rest_route=\/wp\/v2\/posts\/31360\/revisions"}],"predecessor-version":[{"id":31363,"href":"https:\/\/contraluzcucuta.co\/index.php?rest_route=\/wp\/v2\/posts\/31360\/revisions\/31363"}],"wp:featuredmedia":[{"embeddable":true,"href":"https:\/\/contraluzcucuta.co\/index.php?rest_route=\/wp\/v2\/media\/31362"}],"wp:attachment":[{"href":"https:\/\/contraluzcucuta.co\/index.php?rest_route=%2Fwp%2Fv2%2Fmedia&parent=31360"}],"wp:term":[{"taxonomy":"category","embeddable":true,"href":"https:\/\/contraluzcucuta.co\/index.php?rest_route=%2Fwp%2Fv2%2Fcategories&post=31360"},{"taxonomy":"post_tag","embeddable":true,"href":"https:\/\/contraluzcucuta.co\/index.php?rest_route=%2Fwp%2Fv2%2Ftags&post=31360"}],"curies":[{"name":"wp","href":"https:\/\/api.w.org\/{rel}","templated":true}]}}