{"id":31347,"date":"2017-12-08T19:01:30","date_gmt":"2017-12-09T00:01:30","guid":{"rendered":"http:\/\/contraluzcucuta.co\/?p=31347"},"modified":"2017-12-08T19:01:30","modified_gmt":"2017-12-09T00:01:30","slug":"feria-peletera-administracion-municipal-aporto-50-millones-para-la-segunda-version","status":"publish","type":"post","link":"https:\/\/contraluzcucuta.co\/?p=31347","title":{"rendered":"FERIA PELETERA. Administraci\u00f3n municipal aport\u00f3 $ 50 millones para la segunda versi\u00f3n"},"content":{"rendered":"<p style=\"padding-left: 30px;\"><span style=\"color: #ff6600;\"><strong>C\u00daCUTA.-<\/strong> La Secretar\u00eda del Banco del Progreso se vincul\u00f3 con &nbsp;$ 50 millones a la segunda versi\u00f3n de la Feria Peletera. La muestra comercial de la frontera se llevar\u00e1 a cabo, 13 y 14 de diciembre, en del centro de la ciudad (avenida 10 entre calles 10 y 11).<\/span><\/p>\n<p>El evento lo organiza la Asociaci\u00f3n de Peleteros de C\u00facuta (Asopelecuc), que cuenta con 32 asociados. Los comerciantes buscan dar a conocer la calidad de los productos, con la presentaci\u00f3n de la colecci\u00f3n 2018, de calzado, marroquiner\u00eda y afines. La expectativa est\u00e1 puesta en recibir buen n\u00famero de compradores del interior del pa\u00eds y lograr posicionamiento nacional.<\/p>\n<p>\u201cLa primera versi\u00f3n fue todo un \u00e9xito, por tal motivo se va a apoyar la feria. La iniciativa activa el comercio y genera empleo en la ciudad\u201d, dijo Lady Berm\u00fadez, secretaria del Banco de progreso. <\/p>\n","protected":false},"excerpt":{"rendered":"<p>C\u00daCUTA.- La Secretar\u00eda del Banco del Progreso se vincul\u00f3 con &nbsp;$ 50 millones a la segunda versi\u00f3n de la Feria Peletera. La muestra comercial de la frontera se llevar\u00e1 a cabo, 13 y 14 de diciembre, en del centro de la ciudad (avenida 10 entre calles 10 y 11). El evento lo organiza la Asociaci\u00f3n &hellip;<\/p>\n","protected":false},"author":1,"featured_media":31348,"comment_status":"open","ping_status":"open","sticky":false,"template":"","format":"standard","meta":{"footnotes":""},"categories":[2625],"tags":[2733,226,3934],"class_list":["post-31347","post","type-post","status-publish","format-standard","has-post-thumbnail","hentry","category-alcaldia-de-cucuta","tag-alcalde-cesar-rojas","tag-alcaldia-de-cucuta","tag-feria-peletera"],"_links":{"self":[{"href":"https:\/\/contraluzcucuta.co\/index.php?rest_route=\/wp\/v2\/posts\/31347","targetHints":{"allow":["GET"]}}],"collection":[{"href":"https:\/\/contraluzcucuta.co\/index.php?rest_route=\/wp\/v2\/posts"}],"about":[{"href":"https:\/\/contraluzcucuta.co\/index.php?rest_route=\/wp\/v2\/types\/post"}],"author":[{"embeddable":true,"href":"https:\/\/contraluzcucuta.co\/index.php?rest_route=\/wp\/v2\/users\/1"}],"replies":[{"embeddable":true,"href":"https:\/\/contraluzcucuta.co\/index.php?rest_route=%2Fwp%2Fv2%2Fcomments&post=31347"}],"version-history":[{"count":1,"href":"https:\/\/contraluzcucuta.co\/index.php?rest_route=\/wp\/v2\/posts\/31347\/revisions"}],"predecessor-version":[{"id":31349,"href":"https:\/\/contraluzcucuta.co\/index.php?rest_route=\/wp\/v2\/posts\/31347\/revisions\/31349"}],"wp:featuredmedia":[{"embeddable":true,"href":"https:\/\/contraluzcucuta.co\/index.php?rest_route=\/wp\/v2\/media\/31348"}],"wp:attachment":[{"href":"https:\/\/contraluzcucuta.co\/index.php?rest_route=%2Fwp%2Fv2%2Fmedia&parent=31347"}],"wp:term":[{"taxonomy":"category","embeddable":true,"href":"https:\/\/contraluzcucuta.co\/index.php?rest_route=%2Fwp%2Fv2%2Fcategories&post=31347"},{"taxonomy":"post_tag","embeddable":true,"href":"https:\/\/contraluzcucuta.co\/index.php?rest_route=%2Fwp%2Fv2%2Ftags&post=31347"}],"curies":[{"name":"wp","href":"https:\/\/api.w.org\/{rel}","templated":true}]}}