{"id":31344,"date":"2017-12-08T18:45:40","date_gmt":"2017-12-08T23:45:40","guid":{"rendered":"http:\/\/contraluzcucuta.co\/?p=31344"},"modified":"2017-12-08T18:45:40","modified_gmt":"2017-12-08T23:45:40","slug":"signos-de-fe-mas-de-7000-velas-iluminaron-los-alrededores-del-parque-santander","status":"publish","type":"post","link":"https:\/\/contraluzcucuta.co\/?p=31344","title":{"rendered":"SIGNOS DE FE. M\u00e1s de 7000 velas iluminaron los alrededores del Parque Santander"},"content":{"rendered":"<p style=\"padding-left: 30px;\"><span style=\"color: #ff6600;\"><strong>C\u00daCUTA.-<\/strong> Los cucute\u00f1os vivieron un momento especial de oraci\u00f3n por la paz, la reconciliaci\u00f3n y la unidad familiar, la noche del 7 de diciembre. M\u00e1s de 7000 velas iluminaron los alrededores del Parque Santander, con motivo de las v\u00edsperas de la celebraci\u00f3n de la Inmaculada Concepci\u00f3n de Mar\u00eda.<\/span><\/p>\n<p>Monse\u00f1or V\u00edctor Manuel Ochoa ofici\u00f3 la eucarist\u00eda en la Catedral de San Jos\u00e9. En la homil\u00eda enfatiz\u00f3 que \u201chemos querido poner m\u00e1s de 7000 velitas simb\u00f3licas en C\u00facuta, que representan a hombres y mujeres de fe, que son signos de fe y reconociendo en Cristo de la esperanza\u201d.<\/p>\n<p>Las velitas no son solo una costumbre y tradici\u00f3n, sino un signo de reconocimiento de \u201cCristo como Luz de las gentes. En este d\u00eda miramos a Mar\u00eda como la toda pulcra, como la que est\u00e1 totalmente limpia y resplandece por su pureza\u201d.<\/p>\n<p>El obispo de C\u00facuta record\u00f3 que como hombres somos hechos por el pecado y somos hechos de pecado. \u201cPero Mar\u00eda Sant\u00edsima preservada, limpia totalmente de ese mal, para que Cristo sea ese arca bendita, que en Mar\u00eda encuentra su espacio y su templo\u201d.<\/p>\n<p>La Sant\u00edsima Virgen Mar\u00eda es la que con su vida da el s\u00ed generoso, \u201cH\u00e1gase en mi seg\u00fan tu Palabra\u201d. Mar\u00eda abre el coraz\u00f3n al plan de Dios. Dios de todo consuelo que quiere salvar al hombre de todo pecado. Hoy es la fiesta de la Iglesia, Mar\u00eda es el comienzo y la imagen de la Iglesia, ella recibi\u00f3 a Dios y lo acept\u00f3, es su figura y prototipo, manifest\u00f3 monse\u00f1or Ochoa.<\/p>\n<p>El pastor de la Di\u00f3cesis de C\u00facuta acompa\u00f1\u00f3 esta noche donde se busca principalmente que la luz del Adviento ilumine nuestro camino a la espera del nacimiento del Salvador. Tambi\u00e9n, se organiz\u00f3 la solemne procesi\u00f3n con la imagen de la Virgen alrededor del parque Santander, acompa\u00f1ados con el rezo del santo rosario.<\/p>\n<p>Villancicos, oraci\u00f3n y compartir en familia, fueron los momentos que acompa\u00f1aron este \u2018Lucernario\u2019, dirigido por la Di\u00f3cesis de C\u00facuta.<\/p>\n<p>\u201cPedimos a la Sant\u00edsima Virgen, que siga bendiciendo cada uno de los hogares e interceda ante su Hijo Jesucristo, conceda la paz a todas las familias de Colombia y la Zona de Frontera\u201d, or\u00f3 monse\u00f1or V\u00edctor Ochoa. <\/p>\n","protected":false},"excerpt":{"rendered":"<p>C\u00daCUTA.- Los cucute\u00f1os vivieron un momento especial de oraci\u00f3n por la paz, la reconciliaci\u00f3n y la unidad familiar, la noche del 7 de diciembre. M\u00e1s de 7000 velas iluminaron los alrededores del Parque Santander, con motivo de las v\u00edsperas de la celebraci\u00f3n de la Inmaculada Concepci\u00f3n de Mar\u00eda. Monse\u00f1or V\u00edctor Manuel Ochoa ofici\u00f3 la eucarist\u00eda &hellip;<\/p>\n","protected":false},"author":1,"featured_media":31345,"comment_status":"open","ping_status":"open","sticky":false,"template":"","format":"standard","meta":{"footnotes":""},"categories":[45],"tags":[8,2490,528],"class_list":["post-31344","post","type-post","status-publish","format-standard","has-post-thumbnail","hentry","category-destacado","tag-diocesis-de-cucuta","tag-monsenor-victor-manuel-ochoa","tag-noche-de-velitas"],"_links":{"self":[{"href":"https:\/\/contraluzcucuta.co\/index.php?rest_route=\/wp\/v2\/posts\/31344","targetHints":{"allow":["GET"]}}],"collection":[{"href":"https:\/\/contraluzcucuta.co\/index.php?rest_route=\/wp\/v2\/posts"}],"about":[{"href":"https:\/\/contraluzcucuta.co\/index.php?rest_route=\/wp\/v2\/types\/post"}],"author":[{"embeddable":true,"href":"https:\/\/contraluzcucuta.co\/index.php?rest_route=\/wp\/v2\/users\/1"}],"replies":[{"embeddable":true,"href":"https:\/\/contraluzcucuta.co\/index.php?rest_route=%2Fwp%2Fv2%2Fcomments&post=31344"}],"version-history":[{"count":1,"href":"https:\/\/contraluzcucuta.co\/index.php?rest_route=\/wp\/v2\/posts\/31344\/revisions"}],"predecessor-version":[{"id":31346,"href":"https:\/\/contraluzcucuta.co\/index.php?rest_route=\/wp\/v2\/posts\/31344\/revisions\/31346"}],"wp:featuredmedia":[{"embeddable":true,"href":"https:\/\/contraluzcucuta.co\/index.php?rest_route=\/wp\/v2\/media\/31345"}],"wp:attachment":[{"href":"https:\/\/contraluzcucuta.co\/index.php?rest_route=%2Fwp%2Fv2%2Fmedia&parent=31344"}],"wp:term":[{"taxonomy":"category","embeddable":true,"href":"https:\/\/contraluzcucuta.co\/index.php?rest_route=%2Fwp%2Fv2%2Fcategories&post=31344"},{"taxonomy":"post_tag","embeddable":true,"href":"https:\/\/contraluzcucuta.co\/index.php?rest_route=%2Fwp%2Fv2%2Ftags&post=31344"}],"curies":[{"name":"wp","href":"https:\/\/api.w.org\/{rel}","templated":true}]}}