{"id":31338,"date":"2017-12-08T17:53:53","date_gmt":"2017-12-08T22:53:53","guid":{"rendered":"http:\/\/contraluzcucuta.co\/?p=31338"},"modified":"2017-12-08T17:53:53","modified_gmt":"2017-12-08T22:53:53","slug":"venta-de-vehiculos-fenalco-insiste-en-internacion-temporal-para-paliar-crisis","status":"publish","type":"post","link":"https:\/\/contraluzcucuta.co\/?p=31338","title":{"rendered":"VENTA DE VEH\u00cdCULOS. Fenalco insiste en internaci\u00f3n temporal para paliar crisis"},"content":{"rendered":"<p style=\"padding-left: 30px;\"><span style=\"color: #ff6600;\"><strong>C\u00daCUTA.-<\/strong> La venta de veh\u00edculos nuevos en Norte de Santander disminuy\u00f3 en 8,4 por ciento, en noviembre. En el mes 11 del 2017 se vendieron 348 automotores.<\/span><\/p>\n<p>Al compararse las ventas totales en el departamento, en 11 meses se han vendido 3614, lo que significa una ca\u00edda en la regi\u00f3n del 12,8 % y una participaci\u00f3n en el mercado del 1,7 %.<\/p>\n<p>En 2016, se vendieron 4619 veh\u00edculos. Es decir, que a falta de un mes de ventas, la cifra ser\u00e1 preocupante por diversas circunstancias:<\/p>\n<p>1.- El sector tiene problemas<\/p>\n<p>2.- Hay una contracci\u00f3n del mercado<\/p>\n<p>3.- Afronta problemas de contrabando de veh\u00edculos.<\/p>\n<p>Fenalco, ante esta situaci\u00f3n, insistir\u00e1 con otros gremios y autoridades que se requiere urgente de la Internaci\u00f3n Temporal en la ciudad, y que la demora del Gobierno ocasiona p\u00e9rdidas significativas del mercado. El riesgo es perder los empleos decentes que el sector mantiene.<\/p>\n<p>El total nacional de ventas de veh\u00edculos en noviembre, ascendi\u00f3 a 21.103. Con respecto al mes 11 del 2016, cuando se vendieron 22.384 unidades, representa una disminuci\u00f3n del 5,7 %.<\/p>\n<p>En el acumulado nacional a noviembre, se han vendido 212.571 veh\u00edculos, que con respecto a los 219.964 del 2016, representa una ca\u00edda de 3,4 %. <\/p>\n","protected":false},"excerpt":{"rendered":"<p>C\u00daCUTA.- La venta de veh\u00edculos nuevos en Norte de Santander disminuy\u00f3 en 8,4 por ciento, en noviembre. En el mes 11 del 2017 se vendieron 348 automotores. Al compararse las ventas totales en el departamento, en 11 meses se han vendido 3614, lo que significa una ca\u00edda en la regi\u00f3n del 12,8 % y una &hellip;<\/p>\n","protected":false},"author":1,"featured_media":31339,"comment_status":"open","ping_status":"open","sticky":false,"template":"","format":"standard","meta":{"footnotes":""},"categories":[6],"tags":[1526,3932,3384],"class_list":["post-31338","post","type-post","status-publish","format-standard","has-post-thumbnail","hentry","category-ojo-avizor","tag-fenalco-norte-de-santander","tag-internacion-temporal","tag-vehiculos-nuevos"],"_links":{"self":[{"href":"https:\/\/contraluzcucuta.co\/index.php?rest_route=\/wp\/v2\/posts\/31338","targetHints":{"allow":["GET"]}}],"collection":[{"href":"https:\/\/contraluzcucuta.co\/index.php?rest_route=\/wp\/v2\/posts"}],"about":[{"href":"https:\/\/contraluzcucuta.co\/index.php?rest_route=\/wp\/v2\/types\/post"}],"author":[{"embeddable":true,"href":"https:\/\/contraluzcucuta.co\/index.php?rest_route=\/wp\/v2\/users\/1"}],"replies":[{"embeddable":true,"href":"https:\/\/contraluzcucuta.co\/index.php?rest_route=%2Fwp%2Fv2%2Fcomments&post=31338"}],"version-history":[{"count":1,"href":"https:\/\/contraluzcucuta.co\/index.php?rest_route=\/wp\/v2\/posts\/31338\/revisions"}],"predecessor-version":[{"id":31340,"href":"https:\/\/contraluzcucuta.co\/index.php?rest_route=\/wp\/v2\/posts\/31338\/revisions\/31340"}],"wp:featuredmedia":[{"embeddable":true,"href":"https:\/\/contraluzcucuta.co\/index.php?rest_route=\/wp\/v2\/media\/31339"}],"wp:attachment":[{"href":"https:\/\/contraluzcucuta.co\/index.php?rest_route=%2Fwp%2Fv2%2Fmedia&parent=31338"}],"wp:term":[{"taxonomy":"category","embeddable":true,"href":"https:\/\/contraluzcucuta.co\/index.php?rest_route=%2Fwp%2Fv2%2Fcategories&post=31338"},{"taxonomy":"post_tag","embeddable":true,"href":"https:\/\/contraluzcucuta.co\/index.php?rest_route=%2Fwp%2Fv2%2Ftags&post=31338"}],"curies":[{"name":"wp","href":"https:\/\/api.w.org\/{rel}","templated":true}]}}