{"id":31335,"date":"2017-12-08T17:20:48","date_gmt":"2017-12-08T22:20:48","guid":{"rendered":"http:\/\/contraluzcucuta.co\/?p=31335"},"modified":"2017-12-08T17:20:48","modified_gmt":"2017-12-08T22:20:48","slug":"noche-de-velitas-cero-quemados-con-polvora-en-la-frontera","status":"publish","type":"post","link":"https:\/\/contraluzcucuta.co\/?p=31335","title":{"rendered":"\u2018NOCHE DE VELITAS\u2019. Cero quemados con p\u00f3lvora en la frontera"},"content":{"rendered":"<p style=\"padding-left: 30px;\"><span style=\"color: #ff6600;\"><strong>C\u00daCUTA<\/strong>.- En la&nbsp; \u2018Noche de Velitas\u2019, en la capital nortesantandereana y dem\u00e1s localidades fronterizas, no hubo quemados con p\u00f3lvora. En respuesta al \u2018Plan Navidad Inspirados en Usted\u2019, las campa\u00f1as de prevenci\u00f3n y operativos de control, adelantadas en desarrollo de la estrategia institucional, contribuyeron al comportamiento de los cucute\u00f1os.<\/span><\/p>\n<p>El prop\u00f3sito es evitar situaciones de riesgo por almacenamiento, transporte, comercializaci\u00f3n y manipulaci\u00f3n de elementos pirot\u00e9cnicos y fuegos artificiales. Uniformados de la Polic\u00eda Metropolitana de C\u00facuta desplegaron acciones especiales de control y prevenci\u00f3n en los cascos urbanos y ejes viales.<\/p>\n<p>Los operativos y las campa\u00f1as disuasivas durante el d\u00eda y la noche se fortalecieron en Villa del Rosario, Los Patios, El Zulia, San Cayetano, Puerto Santander y C\u00facuta.<\/p>\n<p>La Polic\u00eda Metropolitana de C\u00facuta le record\u00f3 a la comunidad el objetivo de los controles a la venta de p\u00f3lvora enmarcado en hacer cumplir las normas establecidas por las administraciones municipales y evitar que ni\u00f1os y adolescentes se conviertan en v\u00edctimas de casos de quemaduras. <\/p>\n","protected":false},"excerpt":{"rendered":"<p>C\u00daCUTA.- En la&nbsp; \u2018Noche de Velitas\u2019, en la capital nortesantandereana y dem\u00e1s localidades fronterizas, no hubo quemados con p\u00f3lvora. En respuesta al \u2018Plan Navidad Inspirados en Usted\u2019, las campa\u00f1as de prevenci\u00f3n y operativos de control, adelantadas en desarrollo de la estrategia institucional, contribuyeron al comportamiento de los cucute\u00f1os. El prop\u00f3sito es evitar situaciones de riesgo &hellip;<\/p>\n","protected":false},"author":1,"featured_media":31336,"comment_status":"open","ping_status":"open","sticky":false,"template":"","format":"standard","meta":{"footnotes":""},"categories":[11],"tags":[323,528,163],"class_list":["post-31335","post","type-post","status-publish","format-standard","has-post-thumbnail","hentry","category-cronica-roja","tag-mecuc","tag-noche-de-velitas","tag-policia-metropolitana"],"_links":{"self":[{"href":"https:\/\/contraluzcucuta.co\/index.php?rest_route=\/wp\/v2\/posts\/31335","targetHints":{"allow":["GET"]}}],"collection":[{"href":"https:\/\/contraluzcucuta.co\/index.php?rest_route=\/wp\/v2\/posts"}],"about":[{"href":"https:\/\/contraluzcucuta.co\/index.php?rest_route=\/wp\/v2\/types\/post"}],"author":[{"embeddable":true,"href":"https:\/\/contraluzcucuta.co\/index.php?rest_route=\/wp\/v2\/users\/1"}],"replies":[{"embeddable":true,"href":"https:\/\/contraluzcucuta.co\/index.php?rest_route=%2Fwp%2Fv2%2Fcomments&post=31335"}],"version-history":[{"count":1,"href":"https:\/\/contraluzcucuta.co\/index.php?rest_route=\/wp\/v2\/posts\/31335\/revisions"}],"predecessor-version":[{"id":31337,"href":"https:\/\/contraluzcucuta.co\/index.php?rest_route=\/wp\/v2\/posts\/31335\/revisions\/31337"}],"wp:featuredmedia":[{"embeddable":true,"href":"https:\/\/contraluzcucuta.co\/index.php?rest_route=\/wp\/v2\/media\/31336"}],"wp:attachment":[{"href":"https:\/\/contraluzcucuta.co\/index.php?rest_route=%2Fwp%2Fv2%2Fmedia&parent=31335"}],"wp:term":[{"taxonomy":"category","embeddable":true,"href":"https:\/\/contraluzcucuta.co\/index.php?rest_route=%2Fwp%2Fv2%2Fcategories&post=31335"},{"taxonomy":"post_tag","embeddable":true,"href":"https:\/\/contraluzcucuta.co\/index.php?rest_route=%2Fwp%2Fv2%2Ftags&post=31335"}],"curies":[{"name":"wp","href":"https:\/\/api.w.org\/{rel}","templated":true}]}}