{"id":31304,"date":"2017-12-03T21:26:31","date_gmt":"2017-12-04T02:26:31","guid":{"rendered":"http:\/\/contraluzcucuta.co\/?p=31304"},"modified":"2017-12-03T21:26:31","modified_gmt":"2017-12-04T02:26:31","slug":"zona-franca-de-cucuta-planta-de-produccion-de-calzado-generara-450-empleos-directos","status":"publish","type":"post","link":"https:\/\/contraluzcucuta.co\/?p=31304","title":{"rendered":"ZONA FRANCA DE C\u00daCUTA. Planta de producci\u00f3n de calzado generar\u00e1 450 empleos directos"},"content":{"rendered":"<p style=\"padding-left: 30px;\"><span style=\"color: #ff6600;\"><strong>C\u00daCUTA.-<\/strong> La planta de producci\u00f3n de calzado, inaugurada en la Zona Franca de C\u00facuta, generar\u00e1 450 empleos directos. La entidad facilita a empresarios nortesantandereanos ver en la capital del departamento un lugar para impulsar la productividad de los negocios en la regi\u00f3n y el pa\u00eds.<\/span><\/p>\n<p>Las empresas Masanti, Industrias Calzamar e Industrias Madrid instalaron equipos automatizados para fabricar cerca de 13.000 unidades de zapatos para exportar y generar competitividad.<\/p>\n<p>\u201cEstas son las tareas que debe adelantar la Zona Franca\u201d, dijo el gobernador William Villamizar en la apertura de la planta. \u201cNos sentimos orgullosos de que poco a poco se logra el gran objetivo de este escenario y de nuestro Plan de Desarrollo\u201d.<\/p>\n<p>La empresa estar\u00e1 enfocada a producir calzado para competir en el pa\u00eds y est\u00e1 en capacidad de producir para compa\u00f1\u00edas brasileras y chinas.<\/p>\n<p>La planta de producci\u00f3n est\u00e1 dotada con lo \u00faltimo en tecnolog\u00eda para fabricar calzado a nivel industrial y generar 450 empleos directos en el departamento.<\/p>\n<p>\u201cNuestro mercado estar\u00e1 dirigido a destinos internacionales, por lo que invitamos a los empresarios a que apoyen este tipo de proyectos para impulsar la regi\u00f3n\u201d, dijo Jos\u00e9 Alexander Silva, representante legal de la empresa. <\/p>\n","protected":false},"excerpt":{"rendered":"<p>C\u00daCUTA.- La planta de producci\u00f3n de calzado, inaugurada en la Zona Franca de C\u00facuta, generar\u00e1 450 empleos directos. La entidad facilita a empresarios nortesantandereanos ver en la capital del departamento un lugar para impulsar la productividad de los negocios en la regi\u00f3n y el pa\u00eds. Las empresas Masanti, Industrias Calzamar e Industrias Madrid instalaron equipos &hellip;<\/p>\n","protected":false},"author":1,"featured_media":31305,"comment_status":"open","ping_status":"open","sticky":false,"template":"","format":"standard","meta":{"footnotes":""},"categories":[4,2630],"tags":[3922,3923,3921,1533],"class_list":["post-31304","post","type-post","status-publish","format-standard","has-post-thumbnail","hentry","category-barra","category-gobernacion","tag-industrias-calzamar","tag-industrias-madrid","tag-masanti","tag-zona-franca-de-cucuta"],"_links":{"self":[{"href":"https:\/\/contraluzcucuta.co\/index.php?rest_route=\/wp\/v2\/posts\/31304","targetHints":{"allow":["GET"]}}],"collection":[{"href":"https:\/\/contraluzcucuta.co\/index.php?rest_route=\/wp\/v2\/posts"}],"about":[{"href":"https:\/\/contraluzcucuta.co\/index.php?rest_route=\/wp\/v2\/types\/post"}],"author":[{"embeddable":true,"href":"https:\/\/contraluzcucuta.co\/index.php?rest_route=\/wp\/v2\/users\/1"}],"replies":[{"embeddable":true,"href":"https:\/\/contraluzcucuta.co\/index.php?rest_route=%2Fwp%2Fv2%2Fcomments&post=31304"}],"version-history":[{"count":1,"href":"https:\/\/contraluzcucuta.co\/index.php?rest_route=\/wp\/v2\/posts\/31304\/revisions"}],"predecessor-version":[{"id":31306,"href":"https:\/\/contraluzcucuta.co\/index.php?rest_route=\/wp\/v2\/posts\/31304\/revisions\/31306"}],"wp:featuredmedia":[{"embeddable":true,"href":"https:\/\/contraluzcucuta.co\/index.php?rest_route=\/wp\/v2\/media\/31305"}],"wp:attachment":[{"href":"https:\/\/contraluzcucuta.co\/index.php?rest_route=%2Fwp%2Fv2%2Fmedia&parent=31304"}],"wp:term":[{"taxonomy":"category","embeddable":true,"href":"https:\/\/contraluzcucuta.co\/index.php?rest_route=%2Fwp%2Fv2%2Fcategories&post=31304"},{"taxonomy":"post_tag","embeddable":true,"href":"https:\/\/contraluzcucuta.co\/index.php?rest_route=%2Fwp%2Fv2%2Ftags&post=31304"}],"curies":[{"name":"wp","href":"https:\/\/api.w.org\/{rel}","templated":true}]}}