{"id":31301,"date":"2017-12-03T21:05:49","date_gmt":"2017-12-04T02:05:49","guid":{"rendered":"http:\/\/contraluzcucuta.co\/?p=31301"},"modified":"2017-12-03T21:05:49","modified_gmt":"2017-12-04T02:05:49","slug":"plan-navidad-policia-adelanta-campanas-para-prevenir-quemados-con-polvora","status":"publish","type":"post","link":"https:\/\/contraluzcucuta.co\/?p=31301","title":{"rendered":"PLAN NAVIDAD. Polic\u00eda adelanta campa\u00f1as para prevenir quemados con p\u00f3lvora  \u00a0"},"content":{"rendered":"<p style=\"padding-left: 30px;\"><span style=\"color: #ff6600;\"><strong>C\u00daCUTA.-<\/strong> Uniformados del grupo de Prevenci\u00f3n y Educaci\u00f3n Ciudadana del Departamento de Polic\u00eda Norte de Santander adelantan actividades l\u00fadicas, did\u00e1cticas, encuentros comunitarios y de sensibilizaci\u00f3n a ni\u00f1os, padres de familia y comunidad, en desarrollo del \u2018Plan Navidad, inspirados en usted\u2019, que este a\u00f1o tiene por lema \u2018Apaga la p\u00f3lvora, enciende la vida\u2019.<\/span><\/p>\n<p>Los agentes, conocedores del riesgo y de las secuelas que dejan las quemaduras por manipulaci\u00f3n de p\u00f3lvora y fuegos pirot\u00e9cnicos en ni\u00f1os, adolescentes y adultos inexpertos en el manejo, adelantan campa\u00f1as para prevenir el uso de la p\u00f3lvora en esta \u00e9poca.<\/p>\n<p>La toma de conciencia est\u00e1 dirigida a:<\/p>\n<p>1.- El inminente riesgo al que se exponen al manipular p\u00f3lvora<\/p>\n<p>2.- Las consecuencias irreparables que dejan en la piel las quemaduras<\/p>\n<p>3.- Las implicaciones legales en las que se incurre, si alguno de los hijos resulta afectado.<\/p>\n<p>En las alcald\u00edas del departamento, cursan solicitudes para la elaboraci\u00f3n de decretos que restrinjan la comercializaci\u00f3n, venta y utilizaci\u00f3n de p\u00f3lvora, sin antes cumplir una serie de requisitos que garanticen la seguridad de qui\u00e9n manipule los elementos y de los espectadores de los fuegos artificiales. Adem\u00e1s, se adelantan estrictos controles a establecimientos comerciales y veh\u00edculos para evitar el transporte de explosivos.<\/p>\n<p>La Polic\u00eda focaliza los esfuerzos para que en las celebraciones no haya quemados con p\u00f3lvora y superar los registros del 2016, cuando se dieron siete ni\u00f1os y nueve adultos quemados, en el departamento.&nbsp;&nbsp;&nbsp;<\/p>\n<p>La Polic\u00eda de Norte de Santander invit\u00f3 a la comunidad a celebrar Navidad y A\u00f1o Nuevo de manera responsable, sana y disfrutando de los espect\u00e1culos pirot\u00e9cnicos manejados exclusivamente por personal capacitado, con los permisos exigidos por las administraciones locales.<\/p>\n<p>La Instituci\u00f3n pidi\u00f3 denunciar cualquier hecho en el que se pongan en riesgo la integridad y la vida de los menores de edad exponi\u00e9ndolos a la p\u00f3lvora. <\/p>\n","protected":false},"excerpt":{"rendered":"<p>C\u00daCUTA.- Uniformados del grupo de Prevenci\u00f3n y Educaci\u00f3n Ciudadana del Departamento de Polic\u00eda Norte de Santander adelantan actividades l\u00fadicas, did\u00e1cticas, encuentros comunitarios y de sensibilizaci\u00f3n a ni\u00f1os, padres de familia y comunidad, en desarrollo del \u2018Plan Navidad, inspirados en usted\u2019, que este a\u00f1o tiene por lema \u2018Apaga la p\u00f3lvora, enciende la vida\u2019. Los agentes, conocedores &hellip;<\/p>\n","protected":false},"author":1,"featured_media":31302,"comment_status":"open","ping_status":"open","sticky":false,"template":"","format":"standard","meta":{"footnotes":""},"categories":[11,4],"tags":[3623,3070,1033,530],"class_list":["post-31301","post","type-post","status-publish","format-standard","has-post-thumbnail","hentry","category-cronica-roja","category-barra","tag-coronel-george-quintero","tag-denor-coest","tag-plan-navidad","tag-quemados-con-polvora"],"_links":{"self":[{"href":"https:\/\/contraluzcucuta.co\/index.php?rest_route=\/wp\/v2\/posts\/31301","targetHints":{"allow":["GET"]}}],"collection":[{"href":"https:\/\/contraluzcucuta.co\/index.php?rest_route=\/wp\/v2\/posts"}],"about":[{"href":"https:\/\/contraluzcucuta.co\/index.php?rest_route=\/wp\/v2\/types\/post"}],"author":[{"embeddable":true,"href":"https:\/\/contraluzcucuta.co\/index.php?rest_route=\/wp\/v2\/users\/1"}],"replies":[{"embeddable":true,"href":"https:\/\/contraluzcucuta.co\/index.php?rest_route=%2Fwp%2Fv2%2Fcomments&post=31301"}],"version-history":[{"count":1,"href":"https:\/\/contraluzcucuta.co\/index.php?rest_route=\/wp\/v2\/posts\/31301\/revisions"}],"predecessor-version":[{"id":31303,"href":"https:\/\/contraluzcucuta.co\/index.php?rest_route=\/wp\/v2\/posts\/31301\/revisions\/31303"}],"wp:featuredmedia":[{"embeddable":true,"href":"https:\/\/contraluzcucuta.co\/index.php?rest_route=\/wp\/v2\/media\/31302"}],"wp:attachment":[{"href":"https:\/\/contraluzcucuta.co\/index.php?rest_route=%2Fwp%2Fv2%2Fmedia&parent=31301"}],"wp:term":[{"taxonomy":"category","embeddable":true,"href":"https:\/\/contraluzcucuta.co\/index.php?rest_route=%2Fwp%2Fv2%2Fcategories&post=31301"},{"taxonomy":"post_tag","embeddable":true,"href":"https:\/\/contraluzcucuta.co\/index.php?rest_route=%2Fwp%2Fv2%2Ftags&post=31301"}],"curies":[{"name":"wp","href":"https:\/\/api.w.org\/{rel}","templated":true}]}}