{"id":31298,"date":"2017-12-03T20:32:52","date_gmt":"2017-12-04T01:32:52","guid":{"rendered":"http:\/\/contraluzcucuta.co\/?p=31298"},"modified":"2017-12-03T20:32:52","modified_gmt":"2017-12-04T01:32:52","slug":"mano-mano-con-jairo-ruiz-gusta-la-disciplina-y-los-gimnastas-lo-saben","status":"publish","type":"post","link":"https:\/\/contraluzcucuta.co\/?p=31298","title":{"rendered":"MANO A MANO CON JAIRO RUIZ. Me gusta la disciplina y los gimnastas lo saben"},"content":{"rendered":"<p style=\"padding-left: 30px;\"><span style=\"color: #ff6600;\"><strong>C\u00daCUTA.-<\/strong> Luego de 40 a\u00f1os de trabajo en la gimnasia, desde cuando empez\u00f3 como entrenador, con las u\u00f1as, en el colegio Inem, hoy Jairo Ruiz Casas es uno de los art\u00edfices para que la disciplina que se practica en C\u00facuta y Colombia sea considerada una de las mejores del mundo.<\/span><\/p>\n<p>El profesor y el equipo de trabajo se sienten a gusto con lo que hacen y como lo hacen, pero quieren y van por m\u00e1s. El duro comienzo de la gimnasia traz\u00f3 el camino para llegar al \u00e9xito que hoy disfruta por los resultados obtenidos en el pa\u00eds y el exterior.<\/p>\n<p><strong>\u00bfHace cu\u00e1nto est\u00e1 vinculado a la gimnasia?<\/strong><\/p>\n<p>Empec\u00e9 en 1970, como gimnasta y termin\u00e9 en 1976. Despu\u00e9s, en 1977, me fui para la Universidad de Pamplona. Particip\u00e9 en un Nacional y fuimos subcampeones. Entre 1978 y 1981, fui entrenador. Regres\u00e9 como entrenador en 1985 &nbsp;hasta el momento. Son m\u00e1s de 40 a\u00f1os en esta profesi\u00f3n.<\/p>\n<p><strong>\u00bfPorque la gimnasia?<\/strong><\/p>\n<p>Hay dos razones. Primera, siempre he dicho que el deporte es el mejor veh\u00edculo publicitario de la salud, es un veh\u00edculo que no es artificial, es natural, y considero que el mejor medicamento es el ejercicio. Segunda, desde peque\u00f1o me ha gustado la actividad f\u00edsica y empec\u00e9 a estudiar en la universidad, me gradu\u00e9 y doy gracias a Dios que despu\u00e9s de eso me form\u00e9 como entrenador y seguir\u00e9 hasta que Dios me diga.<\/p>\n<p><strong>\u00bfQu\u00e9 recuerda de su etapa como gimnasta?<\/strong><\/p>\n<p>No fui muy bueno, era el m\u00e1s malo del equipo, pero era l\u00edder, apoyaba a mis compa\u00f1eros, llegaba primero, los llamaba. Lo hago por convicci\u00f3n y me siento orgulloso. Si hubiera la oportunidad de volver a nacer volver\u00eda a estudiar Educaci\u00f3n F\u00edsica.<\/p>\n<p><strong>\u00bfC\u00f3mo era la preparaci\u00f3n en el colegio Inem?<\/strong><\/p>\n<p>Nos toc\u00f3 sufrir, pero vivo agradecido, porque en ese plantel termin\u00e9 mi secundaria, me form\u00e9 como deportista y empec\u00e9 a hacer mis pinos como entrenador. Era un \u00e1rea de 18 m de largo X 9 de ancho, era reducido. Si hac\u00eda suelo no pod\u00eda hacer barra ni anillas, si hacia anillas no pod\u00eda hacer asim\u00e9tricas, si hac\u00eda barra nadie pod\u00eda hacer suelo. Era limitado.<\/p>\n<p><strong>\u00bfEn qu\u00e9 a\u00f1o llegaron al coliseo \u2018Eustorgio Colmenares Baptista\u2019?<\/strong><\/p>\n<p>El 20 de julio del 2000. Llegamos con aparatos deteriorados, eran los del Inem. Nos toc\u00f3 trabajar con las u\u00f1as. Ten\u00edamos colchonetas de algod\u00f3n; pero, bueno, de eso se trata, de mejorar en los aspectos t\u00e9cnico, deportivo y humano. Cuando llegamos consideramos que era un mal necesario y a los dos a\u00f1os ya nos dieron los primeros juegos de aparatos. En el 2011, llegaron los nuevos. Estamos agradecidos y contentos, porque avanzamos en beneficio del deporte departamental y nacional.<\/p>\n<p><strong>\u00bfRecuerda su primera competencia como entrenador?<\/strong><\/p>\n<p>Fueron unos intercambios con gimnastas de Bucaramanga y Pamplona. Me dejaron una huella bien definida. Una salida a competir fue en 1986, quedamos campeones nacionales con Alexander Rangel, y Denis Beltr\u00e1n fue subcampe\u00f3n juvenil. Antes, hab\u00edamos salido campeones con Rangel&nbsp; en arzones. Dos a\u00f1os despu\u00e9s, fuimos campeones en infantil y juvenil.<\/p>\n<p><strong>\u00bfEn esos momentos que empezaron a llegar los aparatos nuevos y una buena adecuaci\u00f3n como era la metodolog\u00eda de trabajo?<\/strong><\/p>\n<p>La llegada de esos aparatos fue en el 2012. El cambio fue tremendo, se acrecentaron los resultados en las competencias nacionales e internacionales, llegaron m\u00e1s deportistas y ahora tenemos la sexta generaci\u00f3n de talentos. Esto trae beneficios para el pa\u00eds, para el departamento y para nosotros.<\/p>\n<p><strong>\u00bfQu\u00e9 recuerda de las seis generaciones que han pasado por su mando como t\u00e9cnico?<\/strong><\/p>\n<p>Hay, en este momento, tres modelos de deportistas para seguir. &nbsp;Son las cosechas de generaciones que han pasado y pues en eso me marcan puntajes. La sexta generaci\u00f3n viene con una productividad mejor, porque es un proceso de 10 a 11 a\u00f1os y hacen elementos que no hac\u00edan Jossimar Calvo o Giovanni Quintero, que son referentes. Son reliquias y son la huella para que los dem\u00e1s alcancen progreso y mayores triunfos y resultados.<\/p>\n<p><strong>\u00bfSe siente el autor de lo que es Jossimar Calvo?<\/strong><\/p>\n<p>S\u00ed, pero no solo Jossimar. Considero que todos los gimnastas son una familia y lo m\u00e1s importante es que han recibido educaci\u00f3n y formaci\u00f3n, que es dif\u00edcil de encontrar. Me siento orgulloso, porque con los entrenadores &nbsp;manejo esto como una empresa y es satisfactorio ver que en todos los niveles mejoramos paulatinamente.<\/p>\n<p><strong>\u00bfC\u00f3mo fue el comienzo de Fisiogym, Mentality?<\/strong><\/p>\n<p>Empezamos, hace muchos a\u00f1os, con un ultra sonido, un tensium y una cicla. Por falta de mantenimiento, los vend\u00ed. Eso ocurri\u00f3 en 1999. Ese a\u00f1o pens\u00e9 en retirarme, porque no aguantaba, ten\u00eda que mantener a los deportistas y no ve\u00eda una ayuda para resolver los problemas. Hace 4 o 5 a\u00f1os, comenzamos en un peque\u00f1o sal\u00f3n del gimnasio a tener un ultrasonido m\u00e1s sofisticado, un l\u00e1ser y los aparatos necesarios. Seguimos con la compra de equipos y nos trasladamos al segundo piso, pero era un escenario at\u00edpico, porque un paciente con un esguince de tobillo o problemas en la rodilla se le hace dif\u00edcil subir escaleras. Estamos en una sala, afuera del gimnasio, y ah\u00ed asoci\u00e9 a Fisiogym con el Instituto T\u00e9cnico Guaimaral. Contamos con cuatro fisioterapeutas.<\/p>\n<p>Hace Dos a\u00f1os comenzamos con Mentality, que lo dirige el doctor Carlos Guti\u00e9rrez, tenemos aparatos de relajaci\u00f3n, concentraci\u00f3n y visualizaci\u00f3n para acci\u00f3n y reacci\u00f3n, tenemos antropometr\u00eda y tenemos otros implementos para que nos ayuden a ver c\u00f3mo est\u00e1 el deportista y tambi\u00e9n contamos con jacuzzi y pr\u00f3ximamente con sauna con el fin de recuperar al alumno y est\u00e9 en \u00f3ptimas condiciones para soportar las cargas de la competencia.<\/p>\n<p><strong>\u00bfLa competencia que m\u00e1s le haya producido satisfacci\u00f3n en lo que lleva como entrenador?<\/strong><\/p>\n<p>Hay muchas. En el 2002, en \u2018Estrellas del futuro\u2019, Wilson Fuertes empato el primer lugar con David Mart\u00ednez. Fue una competencia de satisfacci\u00f3n, porque fue un compromiso que adquir\u00ed; las primeras copas mundo que gan\u00f3 Jossimar en B\u00e9lgica y China.<\/p>\n<p><strong>\u00bfQu\u00e9 tan importante es Denis Beltr\u00e1n para Jairo Ruiz despu\u00e9s de ser su alumno y ahora que hace parte de su equipo de trabajo?<\/strong><\/p>\n<p>Denis hizo parte de la tercera generaci\u00f3n de gimnastas. Siempre ha estado a mi lado desde 1998. Le pague&nbsp; cursos internacionales para ser juez internacional, se gradu\u00f3 de sic\u00f3logo, es mi mano derecha por su personalidad y su car\u00e1cter.<\/p>\n<p><strong>\u00bfC\u00f3mo fue la preparaci\u00f3n para los Ol\u00edmpicos de R\u00edo 2016? \u00bfQu\u00e9 falto para que pelear por una medalla?<\/strong><\/p>\n<p>La preparaci\u00f3n estuvo excelente. Nos falt\u00f3 experiencia, m\u00e1s calma. Jossimar se llen\u00f3 de angustia por los compromisos que ten\u00eda. Era el mejor deportista en C\u00facuta y en Colombia, &nbsp;fue el abanderado de la delegaci\u00f3n, ten\u00eda un cumulo de t\u00edtulos que lo catalogaban para obtener una medalla. No lo soport\u00f3, fue un peso grande, pero debemos acondicionarnos a la situaci\u00f3n por eso es que con m\u00e1s experiencia trabajamos para que no se repita.<\/p>\n<p><strong>\u00bfCu\u00e1l ha sido el estudiante m\u00e1s aplicado y el m\u00e1s necio?<\/strong><\/p>\n<p>Los m\u00e1s aplicados son Javier Sandoval y Jossimar Calvo, y el m\u00e1s necio, Juan Camilo S\u00e1nchez. Muy terco, le dice uno&nbsp; las cosas y hace otras, pudo haber sido medalla de plata o de bronce en los Bolivarianos en paralelas, pero no atendi\u00f3 el llamado y fall\u00f3 por desobediente.<\/p>\n<p><strong>\u00bfC\u00f3mo es la manera de rega\u00f1ar o corregir a los gimnastas?<\/strong><\/p>\n<p>Los tiempos han cambiado. Antes era duro, en\u00e9rgico, temperamental. Rega\u00f1o fuerte a los asistentes cuando no se hacen las cosas de la mejor manera. Antes era un todero, me tocaba de trabajador social, m\u00e9dico, fisioterapeuta, entrenador. Era una carga fuerte, no pod\u00eda estar en todos lados. Ahora, siento menos estresado y puedo pensar m\u00e1s sobre la planeaci\u00f3n con respecto a los deportistas.<\/p>\n<p><strong>\u00bfQu\u00e9 tal es la relaci\u00f3n con Jes\u00fas Romero?<\/strong><\/p>\n<p>Excelente. Es el padrino de mi hija. Fue uno de los alumnos m\u00e1s inteligente que tuve, un gran ejecutor. Despu\u00e9s del accidente se prepar\u00f3 acad\u00e9micamente, es abogado, est\u00e1 en una especializaci\u00f3n, practica bocha y lo combina con la parte gerencial.<\/p>\n<p><strong>\u00bfDespu\u00e9s de tanto sacrificio se imagin\u00f3 que este gimnasio ser\u00eda utilizado por delegaciones del exterior? <\/strong><\/p>\n<p>Es at\u00edpico estar en un gimnasio en compa\u00f1\u00eda de v\u00f3leibol, bocha, yudo, tenis de mesa. Hemos hecho cambios a la hora de hacer suelo y paralelas para que no interfiera cuando est\u00e1n entren\u00e1ndose. Ha sido dif\u00edcil. La venida de deportistas de Dinamarca, Rep\u00fablica Dominicana, Costa Rica, Panam\u00e1, entre otros, le da estatus a C\u00facuta y a la gimnasia. A ellos le sirve, porque ven entrenar a Jossimar Calvo y a todos los compa\u00f1eros. Ninguna ciudad ha tenido la oportunidad de tener 12 selecciones que visiten su gimnasio y esto se hace porque sabemos el nivel que hay en todas las categor\u00edas masculinas y femeninas. En conclusi\u00f3n, somos privilegiados.<\/p>\n<p><strong>\u00bfJairo Ruiz c\u00f3mo maneja las concentraciones?<\/strong><\/p>\n<p>Poco molesto o hago chistes con los alumnos, soy disciplinado, organizado, temperamental, me gusta la disciplina y ellos lo saben. En las concentraciones, a las 8:30 de la noche, celulares apagados y a dormir. Eso hace parte del entrenamiento invisible y m\u00e1s cuando uno va a competir en Europa que debe adaptarse a los cambios de horario. Son conductas que se deben plantear y no se pueden violar.<\/p>\n<p><strong>JORDY ORLANDO CRUZ<\/strong> <\/p>\n","protected":false},"excerpt":{"rendered":"<p>C\u00daCUTA.- Luego de 40 a\u00f1os de trabajo en la gimnasia, desde cuando empez\u00f3 como entrenador, con las u\u00f1as, en el colegio Inem, hoy Jairo Ruiz Casas es uno de los art\u00edfices para que la disciplina que se practica en C\u00facuta y Colombia sea considerada una de las mejores del mundo. El profesor y el equipo &hellip;<\/p>\n","protected":false},"author":1,"featured_media":31299,"comment_status":"open","ping_status":"open","sticky":false,"template":"","format":"standard","meta":{"footnotes":""},"categories":[4,28],"tags":[3920,2399,639],"class_list":["post-31298","post","type-post","status-publish","format-standard","has-post-thumbnail","hentry","category-barra","category-vistazo-deportivo","tag-gimnastas-cucutenos","tag-jairo-ruiz","tag-jossimar-calvo"],"_links":{"self":[{"href":"https:\/\/contraluzcucuta.co\/index.php?rest_route=\/wp\/v2\/posts\/31298","targetHints":{"allow":["GET"]}}],"collection":[{"href":"https:\/\/contraluzcucuta.co\/index.php?rest_route=\/wp\/v2\/posts"}],"about":[{"href":"https:\/\/contraluzcucuta.co\/index.php?rest_route=\/wp\/v2\/types\/post"}],"author":[{"embeddable":true,"href":"https:\/\/contraluzcucuta.co\/index.php?rest_route=\/wp\/v2\/users\/1"}],"replies":[{"embeddable":true,"href":"https:\/\/contraluzcucuta.co\/index.php?rest_route=%2Fwp%2Fv2%2Fcomments&post=31298"}],"version-history":[{"count":1,"href":"https:\/\/contraluzcucuta.co\/index.php?rest_route=\/wp\/v2\/posts\/31298\/revisions"}],"predecessor-version":[{"id":31300,"href":"https:\/\/contraluzcucuta.co\/index.php?rest_route=\/wp\/v2\/posts\/31298\/revisions\/31300"}],"wp:featuredmedia":[{"embeddable":true,"href":"https:\/\/contraluzcucuta.co\/index.php?rest_route=\/wp\/v2\/media\/31299"}],"wp:attachment":[{"href":"https:\/\/contraluzcucuta.co\/index.php?rest_route=%2Fwp%2Fv2%2Fmedia&parent=31298"}],"wp:term":[{"taxonomy":"category","embeddable":true,"href":"https:\/\/contraluzcucuta.co\/index.php?rest_route=%2Fwp%2Fv2%2Fcategories&post=31298"},{"taxonomy":"post_tag","embeddable":true,"href":"https:\/\/contraluzcucuta.co\/index.php?rest_route=%2Fwp%2Fv2%2Ftags&post=31298"}],"curies":[{"name":"wp","href":"https:\/\/api.w.org\/{rel}","templated":true}]}}