{"id":31265,"date":"2017-11-26T22:11:00","date_gmt":"2017-11-27T03:11:00","guid":{"rendered":"http:\/\/contraluzcucuta.co\/?p=31265"},"modified":"2017-11-26T22:11:00","modified_gmt":"2017-11-27T03:11:00","slug":"notas-al-margen-por-que-no-reeditar-la-fic-o-la-fif-para-impulsar-el-desarrollo","status":"publish","type":"post","link":"https:\/\/contraluzcucuta.co\/?p=31265","title":{"rendered":"NOTAS AL MARGEN. \u00bfPor qu\u00e9 no reeditar la FIC\u00a0 o\u00a0 la FIF para impulsar\u00a0 el desarrollo?"},"content":{"rendered":"<p style=\"padding-left: 30px;\"><span style=\"color: #ff6600;\">1.- Valorando la necesidad de buscar alternativas y de provocar atenci\u00f3n sobre los factores que puedan estimular el mejoramiento de servicios y los mayores y mejores empalmes nacionales e internacionales, surgi\u00f3 la opci\u00f3n de reeditar y volver a organizar la Feria Internacional de C\u00facuta (FIC)&nbsp; o&nbsp; la Feria Internacional de la Frontera (FIF) eventos que congregaron la presencia de productores, industriales, comerciantes, promotores y gestores de actividades empresariales, que asociaron el inter\u00e9s de muchos hacia la necesidad de activar en esta frontera colombo-venezolana mayores&nbsp;&nbsp; actividades y relaciones de trasformaci\u00f3n y producci\u00f3n hacia otros ligares del mundo.&nbsp;<\/span><\/p>\n<p>La experiencia que dejaron estas ediciones, en el pasado siglo y que en el caso de la FIF tuvo celebraciones en C\u00facuta y en San Crist\u00f3bal, con reconocida aceptaci\u00f3n y \u00e9xito, podr\u00eda tener ahora una gran acogida y favorabilidad, porque tanto aqu\u00ed, como en el otro lado de la frontera, se ans\u00eda&nbsp; hallar fuentes de trabajo y productividad ante los hechos que no han permitido el avance social y econ\u00f3mico por las divergencias pol\u00edticas de orientaci\u00f3n y mando.<\/p>\n<p>2.- Adem\u00e1s, hay un hecho que no debe olvidarse o relegarse en atenci\u00f3n, es el pertinente al acercamiento y la labor compartida que para su progreso y ascenso comunitario y representativo debemos efectuar quienes compartimos una frontera com\u00fan y un aprovechamiento de ubicaci\u00f3n&nbsp; y&nbsp; ventajas comparativas, que podr\u00edan reportarnos grandes beneficios, si obr\u00e1ramos con un mayor sentido de fraternidad y convergencia hacia el verdadero desarrollo. Pensar tan solo en que all\u00e1 es all\u00e1 y aqu\u00ed, solo nosotros, es valorar y otorgarle vigencia a una muralla que obstruye e impide avances y desarrollos trasformadores, en muy diversos planos y actividades.<\/p>\n<p>La oportunidad de crear&nbsp; y otorgarle presencia revitalizadora a Parques Industriales y Tecnol\u00f3gicos, Zonas Francas Especializadas y Zona Aduanera, impulsora para Maquiladoras, es una esperanza, pero sin respaldos y apoyos, necesarios para verdaderos actos presenciales y vivenciales, generadores de empleos, inversiones, capacitaci\u00f3n, innovaci\u00f3n y constante investigaci\u00f3n. Y, por eso, tambi\u00e9n los cierres de almacenes, la b\u00fasqueda de otras alternativas&nbsp; y el uso de las trochas, rompiendo normas y regulaciones, para una vivencia irregular.<\/p>\n<p>3.- El propiciar entendimientos hacia el progreso y para convergencias productivas, que hagan de la frontera una faja territorial propicia para el establecimiento de empresas que dinamicen la estructura operativa, es, ese algo que nos hace falta, porque lo que est\u00e1 en suspenso \u2013y, sin que se capten progresos- es lamentable y perjudicial, como lo es: Que el Puente de Ure\u00f1a, por Tienditas, siga sin amarres, ni finales; que no tengamos aeropuerto internacional, para mayores v\u00ednculos con el mundo; que no poseamos Parques Industriales, con visi\u00f3n de futuro, universidades que estimulen la investigaci\u00f3n, y una noci\u00f3n de vida, que abra y fortalezca nuevas acciones y caminos compartidos, con prop\u00f3sitos comunes y bien sustentados, con hechos demostrables.&nbsp;&nbsp;&nbsp;&nbsp;&nbsp;&nbsp;&nbsp;&nbsp;&nbsp;&nbsp;&nbsp;&nbsp;&nbsp;&nbsp;&nbsp;&nbsp;&nbsp;&nbsp;&nbsp;&nbsp;&nbsp;&nbsp;&nbsp;&nbsp;&nbsp;&nbsp;&nbsp;&nbsp;&nbsp;&nbsp;&nbsp;&nbsp;&nbsp;&nbsp;&nbsp;&nbsp;&nbsp;&nbsp;&nbsp;&nbsp;&nbsp;&nbsp;&nbsp;&nbsp;&nbsp;&nbsp;&nbsp;&nbsp;&nbsp;&nbsp;&nbsp;&nbsp;&nbsp;&nbsp;&nbsp;&nbsp;&nbsp;&nbsp;&nbsp;&nbsp;&nbsp;&nbsp;&nbsp;&nbsp;&nbsp;&nbsp;&nbsp;&nbsp;&nbsp;&nbsp;&nbsp;&nbsp;&nbsp;&nbsp;&nbsp;&nbsp;&nbsp;&nbsp;&nbsp;&nbsp;&nbsp;&nbsp;&nbsp;&nbsp;&nbsp;&nbsp;&nbsp;&nbsp;&nbsp;&nbsp;&nbsp;&nbsp;&nbsp;&nbsp;&nbsp;&nbsp;&nbsp;&nbsp;&nbsp;&nbsp;&nbsp;&nbsp;&nbsp;&nbsp;&nbsp;&nbsp;&nbsp;&nbsp;&nbsp;&nbsp;&nbsp;&nbsp;<\/p>\n<p>Fenalco, como gran promotor de estas iniciativas, C\u00e1mara de&nbsp;&nbsp; Comercio, Acopi, Andi&nbsp; y el sector privado, en general, con apoyo de la Gobernaci\u00f3n y las alcald\u00edas, tienen la oportunidad y el momento.&nbsp;&nbsp;&nbsp;&nbsp;&nbsp;&nbsp;&nbsp;&nbsp;&nbsp;<\/p>\n<p><strong>JOS\u00c9 NEIRA REY&nbsp;&nbsp;&nbsp;&nbsp;&nbsp;&nbsp;&nbsp;&nbsp;&nbsp;&nbsp;&nbsp;&nbsp;&nbsp;&nbsp;&nbsp;&nbsp;&nbsp;&nbsp;&nbsp;&nbsp;&nbsp;&nbsp;&nbsp;&nbsp; <\/strong><\/p>\n<p><a href=\"mailto:jneirarey@hotmail.com\">jneirarey@hotmail.com<\/a> <\/p>\n","protected":false},"excerpt":{"rendered":"<p>1.- Valorando la necesidad de buscar alternativas y de provocar atenci\u00f3n sobre los factores que puedan estimular el mejoramiento de servicios y los mayores y mejores empalmes nacionales e internacionales, surgi\u00f3 la opci\u00f3n de reeditar y volver a organizar la Feria Internacional de C\u00facuta (FIC)&nbsp; o&nbsp; la Feria Internacional de la Frontera (FIF) eventos que &hellip;<\/p>\n","protected":false},"author":1,"featured_media":31266,"comment_status":"open","ping_status":"open","sticky":false,"template":"","format":"standard","meta":{"footnotes":""},"categories":[14,4],"tags":[3029,3910,382,956],"class_list":["post-31265","post","type-post","status-publish","format-standard","has-post-thumbnail","hentry","category-articulistas","category-barra","tag-feria-de-cucuta","tag-feria-internacional-de-la-frontera","tag-jose-neira","tag-notas-al-margen"],"_links":{"self":[{"href":"https:\/\/contraluzcucuta.co\/index.php?rest_route=\/wp\/v2\/posts\/31265","targetHints":{"allow":["GET"]}}],"collection":[{"href":"https:\/\/contraluzcucuta.co\/index.php?rest_route=\/wp\/v2\/posts"}],"about":[{"href":"https:\/\/contraluzcucuta.co\/index.php?rest_route=\/wp\/v2\/types\/post"}],"author":[{"embeddable":true,"href":"https:\/\/contraluzcucuta.co\/index.php?rest_route=\/wp\/v2\/users\/1"}],"replies":[{"embeddable":true,"href":"https:\/\/contraluzcucuta.co\/index.php?rest_route=%2Fwp%2Fv2%2Fcomments&post=31265"}],"version-history":[{"count":1,"href":"https:\/\/contraluzcucuta.co\/index.php?rest_route=\/wp\/v2\/posts\/31265\/revisions"}],"predecessor-version":[{"id":31267,"href":"https:\/\/contraluzcucuta.co\/index.php?rest_route=\/wp\/v2\/posts\/31265\/revisions\/31267"}],"wp:featuredmedia":[{"embeddable":true,"href":"https:\/\/contraluzcucuta.co\/index.php?rest_route=\/wp\/v2\/media\/31266"}],"wp:attachment":[{"href":"https:\/\/contraluzcucuta.co\/index.php?rest_route=%2Fwp%2Fv2%2Fmedia&parent=31265"}],"wp:term":[{"taxonomy":"category","embeddable":true,"href":"https:\/\/contraluzcucuta.co\/index.php?rest_route=%2Fwp%2Fv2%2Fcategories&post=31265"},{"taxonomy":"post_tag","embeddable":true,"href":"https:\/\/contraluzcucuta.co\/index.php?rest_route=%2Fwp%2Fv2%2Ftags&post=31265"}],"curies":[{"name":"wp","href":"https:\/\/api.w.org\/{rel}","templated":true}]}}