{"id":31201,"date":"2017-11-15T22:55:16","date_gmt":"2017-11-16T03:55:16","guid":{"rendered":"http:\/\/contraluzcucuta.co\/?p=31201"},"modified":"2017-11-15T22:55:16","modified_gmt":"2017-11-16T03:55:16","slug":"ecopetrol-desconocidos-quemaron-camioneta-de-empresa-aliada","status":"publish","type":"post","link":"https:\/\/contraluzcucuta.co\/?p=31201","title":{"rendered":"ECOPETROL. Desconocidos quemaron camioneta de empresa aliada"},"content":{"rendered":"<table width=\"99%\">\n<tbody>\n<tr>\n<td width=\"98%\">Ecopetrol rechaz\u00f3 la quema de una camioneta de la empresa aliada Sevicol Ltda que presta servicios al Campo Tib\u00fa. Los hechos ocurrieron en la vereda La Cuatro.<\/p>\n<p>Desconocidos prendieron fuego al automotor mientras el supervisor les indicaba a las cuadrillas de reparaci\u00f3n y limpieza el nuevo punto donde se identific\u00f3 la instalaci\u00f3n de una v\u00e1lvula il\u00edcita para el hurto de petr\u00f3leo en la l\u00ednea de trasferencia de la Estaci\u00f3n J10 a la I21. El hecho no afect\u00f3 a personas.<\/p>\n<p>La Empresa hace un llamado para que cesen estos actos de violencia que atentan contra la integridad de las personas, ponen en riesgo a las comunidades y afectan el normal desarrollo de las actividades de la industria petrolera.<\/p>\n<p><strong>&nbsp;<\/strong><\/p>\n<p><strong>Foto: PRENSA ECOPETROL<\/strong><\/td>\n<\/tr>\n<\/tbody>\n<\/table>\n","protected":false},"excerpt":{"rendered":"<p>Ecopetrol rechaz\u00f3 la quema de una camioneta de la empresa aliada Sevicol Ltda que presta servicios al Campo Tib\u00fa. Los hechos ocurrieron en la vereda La Cuatro. Desconocidos prendieron fuego al automotor mientras el supervisor les indicaba a las cuadrillas de reparaci\u00f3n y limpieza el nuevo punto donde se identific\u00f3 la instalaci\u00f3n de una v\u00e1lvula &hellip;<\/p>\n","protected":false},"author":1,"featured_media":31202,"comment_status":"open","ping_status":"open","sticky":false,"template":"","format":"standard","meta":{"footnotes":""},"categories":[11],"tags":[944,767,3892],"class_list":["post-31201","post","type-post","status-publish","format-standard","has-post-thumbnail","hentry","category-cronica-roja","tag-campo-tibu","tag-ecopetrol","tag-sevicol-ltda"],"_links":{"self":[{"href":"https:\/\/contraluzcucuta.co\/index.php?rest_route=\/wp\/v2\/posts\/31201","targetHints":{"allow":["GET"]}}],"collection":[{"href":"https:\/\/contraluzcucuta.co\/index.php?rest_route=\/wp\/v2\/posts"}],"about":[{"href":"https:\/\/contraluzcucuta.co\/index.php?rest_route=\/wp\/v2\/types\/post"}],"author":[{"embeddable":true,"href":"https:\/\/contraluzcucuta.co\/index.php?rest_route=\/wp\/v2\/users\/1"}],"replies":[{"embeddable":true,"href":"https:\/\/contraluzcucuta.co\/index.php?rest_route=%2Fwp%2Fv2%2Fcomments&post=31201"}],"version-history":[{"count":1,"href":"https:\/\/contraluzcucuta.co\/index.php?rest_route=\/wp\/v2\/posts\/31201\/revisions"}],"predecessor-version":[{"id":31203,"href":"https:\/\/contraluzcucuta.co\/index.php?rest_route=\/wp\/v2\/posts\/31201\/revisions\/31203"}],"wp:featuredmedia":[{"embeddable":true,"href":"https:\/\/contraluzcucuta.co\/index.php?rest_route=\/wp\/v2\/media\/31202"}],"wp:attachment":[{"href":"https:\/\/contraluzcucuta.co\/index.php?rest_route=%2Fwp%2Fv2%2Fmedia&parent=31201"}],"wp:term":[{"taxonomy":"category","embeddable":true,"href":"https:\/\/contraluzcucuta.co\/index.php?rest_route=%2Fwp%2Fv2%2Fcategories&post=31201"},{"taxonomy":"post_tag","embeddable":true,"href":"https:\/\/contraluzcucuta.co\/index.php?rest_route=%2Fwp%2Fv2%2Ftags&post=31201"}],"curies":[{"name":"wp","href":"https:\/\/api.w.org\/{rel}","templated":true}]}}