{"id":31140,"date":"2017-11-06T22:29:18","date_gmt":"2017-11-07T03:29:18","guid":{"rendered":"http:\/\/contraluzcucuta.co\/?p=31140"},"modified":"2017-11-06T22:29:18","modified_gmt":"2017-11-07T03:29:18","slug":"informe-especial-melodias-venezolanas-en-las-calles-de-cucuta","status":"publish","type":"post","link":"https:\/\/contraluzcucuta.co\/?p=31140","title":{"rendered":"INFORME ESPECIAL. Melod\u00edas venezolanas en las calles de C\u00facuta"},"content":{"rendered":"<p style=\"padding-left: 30px;\"><span style=\"color: #ff6600;\"><strong>C\u00daCUTA.-<\/strong> Las calles de C\u00facuta se han inundado de sonidos melodiosos, unos espectaculares otros no tanto, eso depende de los gustos de quien pase y los escuche. Un viol\u00edn var\u00eda entre notas altas y bajas tocado por Jos\u00e9 Gregorio, de 24 a\u00f1os. Recorre el centro de la ciudad con el fin de ganar los pesos que sirvan para el diario vivir.<\/span><\/p>\n<p>Al igual que muchos de los informales callejeros lleg\u00f3 de Venezuela en busca de mejorar la vida. All\u00e1, en su pa\u00eds destacaba como maestro de viola. Aqu\u00ed, en la capital de Norte de Santander, la soledad le ha servido9 de inspiraci\u00f3n para sobresalir con temas que hacen que los transe\u00fantes presten atenci\u00f3n a esas melodiosas notas.<\/p>\n<p>\u201cNo canto, solo toco el viol\u00edn. Los que me escuchan son los que se encargan de cantar\u201d.<\/p>\n<p>Al transitar por otras v\u00edas c\u00e9ntricas cucute\u00f1as a parece un par de hermanos, tambi\u00e9n venezolanos, que procuran sobrevivir por medio del talento. Oswaldo y Paolo, &nbsp;han dedicado los \u00faltimos meses de la vida a tocar guitarra, flauta y zampo\u00f1a, instrumentos que adquirieron en Venezuela.<\/p>\n<p>Estos hombres deambulan, no tienen un punto estrat\u00e9gico para ganarse la vida. \u201cSomos hermanos y lo \u00fanico que vinimos a buscar a Colombia es apoyo para el arte y un sustento para que nuestra vida mejore\u201d.<\/p>\n<p>Oswaldo y Paolo, nacieron en Bucaramanga, pero vivieron gran parte de la vida en el estado La Victoria. Tienen como proyecto darse a conocer entre los cucute\u00f1os para que el talento no quede en las calles y los recompensen.<\/p>\n<p>\u201cLa meta es que la m\u00fasica nos cambie la vida. As\u00ed como ha sido la herramienta que nos ha ayudado para tener con qu\u00e9 vivir en esta ciudad, y tambi\u00e9n a ayudar a nuestra familia que qued\u00f3 en Venezuela\u201d, afirm\u00f3 Paolo.<\/p>\n<p>En el parque Col\u00f3n un hombre cautiva con la guitarra y la voz los cucute\u00f1os que pasan por el lugar. Ha dedicado la mitad de la vida a la m\u00fasica, pero nunca pens\u00f3 que vivir\u00eda en otra ciudad ajena a la suya. Desde Barquisimeto tom\u00f3 rumbo indefinido por no tener lazos de amistad o familiares con alguien &nbsp;fuera de su pa\u00eds natal.<\/p>\n<p>Lleva seis meses en C\u00facuta y la vida ha tomado un rumbo positivo, puesto que mejora la situaci\u00f3n econ\u00f3mica, a tal punto que decidi\u00f3 traer a la familia. Despu\u00e9s de contar estos peque\u00f1os datos de la vida, se march\u00f3 y por el camino entonaba:<\/p>\n<p>\u201cAy mi llanura,<\/p>\n<p>embrujo verde,<\/p>\n<p>donde el azul del cielo<\/p>\n<p>se confunde con tu suelo<\/p>\n<p>en la inmensa lejan\u00eda\u201d.<\/p>\n<p>Cada vez aparecen m\u00e1s personajes particulares en la ciudad. Unos, no han tenido tanto \u00e9xito con la voz, mientras otros, se desempe\u00f1an como profesionales.<\/p>\n<p>\u2018Jomar, La Voz\u2019, es barranquillero y a los 12 a\u00f1os empez\u00f3 a sentir la inspiraci\u00f3n por las notas musicales. Los familiares se encargaron de darlo a conocer &nbsp;a tal punto que hace parte de eventos en discotecas y colegios de la ciudad.<\/p>\n<p>\u2018Jomar\u2019, con apoyo de la productora, ha grabado temas que espera que con el tiempo sean sonados en Colombia. \u201cMi inspiraci\u00f3n fueron Daddy Yankee y Don Omar. Por tener esa motivaci\u00f3n es que he llegado a lo que soy, y lo que voy a llegar a ser con lo que falta de camino\u201d, afirm\u00f3 con una c\u00e1lida sonrisa y una cortes\u00eda inigualable.<\/p>\n<p>Y es as\u00ed como se encuentran exponentes de la m\u00fasica en diferentes g\u00e9neros, cada uno con metas trazadas. Todos, unidos porque la sociedad los conozca, pero cada quien a su estilo.<\/p>\n<p><strong>NATHALIA PE\u00d1ALOSA \u2013 PAOLA AVENDA\u00d1O \u2013 JOSHUA CH\u00cdA<\/strong><\/p>\n<p><strong>Estudiantes de Comunicaci\u00f3n Social<\/strong><\/p>\n<p><strong>Universidad de Pamplona<\/strong><\/p>\n<p><strong>Campus de Villa del Rosario<\/strong><\/p>\n<p>&nbsp; <\/p>\n","protected":false},"excerpt":{"rendered":"<p>C\u00daCUTA.- Las calles de C\u00facuta se han inundado de sonidos melodiosos, unos espectaculares otros no tanto, eso depende de los gustos de quien pase y los escuche. Un viol\u00edn var\u00eda entre notas altas y bajas tocado por Jos\u00e9 Gregorio, de 24 a\u00f1os. Recorre el centro de la ciudad con el fin de ganar los pesos &hellip;<\/p>\n","protected":false},"author":1,"featured_media":31141,"comment_status":"open","ping_status":"open","sticky":false,"template":"","format":"standard","meta":{"footnotes":""},"categories":[74,4],"tags":[1164,2426],"class_list":["post-31140","post","type-post","status-publish","format-standard","has-post-thumbnail","hentry","category-aula-universitaria","category-barra","tag-crisis-en-venezuela","tag-musicos-callejeros"],"_links":{"self":[{"href":"https:\/\/contraluzcucuta.co\/index.php?rest_route=\/wp\/v2\/posts\/31140","targetHints":{"allow":["GET"]}}],"collection":[{"href":"https:\/\/contraluzcucuta.co\/index.php?rest_route=\/wp\/v2\/posts"}],"about":[{"href":"https:\/\/contraluzcucuta.co\/index.php?rest_route=\/wp\/v2\/types\/post"}],"author":[{"embeddable":true,"href":"https:\/\/contraluzcucuta.co\/index.php?rest_route=\/wp\/v2\/users\/1"}],"replies":[{"embeddable":true,"href":"https:\/\/contraluzcucuta.co\/index.php?rest_route=%2Fwp%2Fv2%2Fcomments&post=31140"}],"version-history":[{"count":1,"href":"https:\/\/contraluzcucuta.co\/index.php?rest_route=\/wp\/v2\/posts\/31140\/revisions"}],"predecessor-version":[{"id":31142,"href":"https:\/\/contraluzcucuta.co\/index.php?rest_route=\/wp\/v2\/posts\/31140\/revisions\/31142"}],"wp:featuredmedia":[{"embeddable":true,"href":"https:\/\/contraluzcucuta.co\/index.php?rest_route=\/wp\/v2\/media\/31141"}],"wp:attachment":[{"href":"https:\/\/contraluzcucuta.co\/index.php?rest_route=%2Fwp%2Fv2%2Fmedia&parent=31140"}],"wp:term":[{"taxonomy":"category","embeddable":true,"href":"https:\/\/contraluzcucuta.co\/index.php?rest_route=%2Fwp%2Fv2%2Fcategories&post=31140"},{"taxonomy":"post_tag","embeddable":true,"href":"https:\/\/contraluzcucuta.co\/index.php?rest_route=%2Fwp%2Fv2%2Ftags&post=31140"}],"curies":[{"name":"wp","href":"https:\/\/api.w.org\/{rel}","templated":true}]}}