{"id":31137,"date":"2017-11-06T21:52:08","date_gmt":"2017-11-07T02:52:08","guid":{"rendered":"http:\/\/contraluzcucuta.co\/?p=31137"},"modified":"2017-11-06T21:52:08","modified_gmt":"2017-11-07T02:52:08","slug":"infraestructura-alcaldia-embellecio-en-adoquin-cuatro-calles-en-el-centro-de-la-ciudad","status":"publish","type":"post","link":"https:\/\/contraluzcucuta.co\/?p=31137","title":{"rendered":"INFRAESTRUCTURA. Alcald\u00eda embelleci\u00f3 en adoqu\u00edn cuatro calles en el centro de la ciudad"},"content":{"rendered":"<p><strong>C\u00daCUTA.-<\/strong> Cuatro v\u00edas olvidadas fueron intervenidas por la &nbsp;Secretar\u00eda de Infraestructura para embellecer la zona c\u00e9ntrica de la ciudad, junto al centro comercial a Cielo Abierto.<\/p>\n<p>Las obras se ejecutaron en los siguientes puntos:<\/p>\n<p>1.- Desde la avenida 4 hasta la avenida 0, por la calle 8 del Centro, la Alcald\u00eda de C\u00facuta recuper\u00f3 348 metros lineales en adoqu\u00edn. La recuperaci\u00f3n del espacio p\u00fablico alcanz\u00f3 la inversi\u00f3n de $ 465 millones para beneficiar a 30.000 cucute\u00f1os que a diario transitan por esa zona.<\/p>\n<p>2.- Desde la avenida 4 hasta la 3, entre el Palacio Nacional y el Parque Nacional, se recuperaron 102 metros. Ahora, la v\u00eda es solo paso peatonal.<\/p>\n<p>3.- Entre las avenidas 3 y 2 se recuperaron 110 metros lineales.<\/p>\n<p>4.- Entre las avenidas primera y 0 donde se intervino un tramo de 136 metros lineales.<\/p>\n<p>Foto: PRENSA ALCALD\u00cdA<\/p>\n<p>&nbsp;<\/p>\n<p>&nbsp; <\/p>\n","protected":false},"excerpt":{"rendered":"<p>C\u00daCUTA.- Cuatro v\u00edas olvidadas fueron intervenidas por la &nbsp;Secretar\u00eda de Infraestructura para embellecer la zona c\u00e9ntrica de la ciudad, junto al centro comercial a Cielo Abierto. Las obras se ejecutaron en los siguientes puntos: 1.- Desde la avenida 4 hasta la avenida 0, por la calle 8 del Centro, la Alcald\u00eda de C\u00facuta recuper\u00f3 348 &hellip;<\/p>\n","protected":false},"author":1,"featured_media":31138,"comment_status":"open","ping_status":"open","sticky":false,"template":"","format":"standard","meta":{"footnotes":""},"categories":[2625],"tags":[226,2895],"class_list":["post-31137","post","type-post","status-publish","format-standard","has-post-thumbnail","hentry","category-alcaldia-de-cucuta","tag-alcaldia-de-cucuta","tag-secretaria-de-infraestructura"],"_links":{"self":[{"href":"https:\/\/contraluzcucuta.co\/index.php?rest_route=\/wp\/v2\/posts\/31137","targetHints":{"allow":["GET"]}}],"collection":[{"href":"https:\/\/contraluzcucuta.co\/index.php?rest_route=\/wp\/v2\/posts"}],"about":[{"href":"https:\/\/contraluzcucuta.co\/index.php?rest_route=\/wp\/v2\/types\/post"}],"author":[{"embeddable":true,"href":"https:\/\/contraluzcucuta.co\/index.php?rest_route=\/wp\/v2\/users\/1"}],"replies":[{"embeddable":true,"href":"https:\/\/contraluzcucuta.co\/index.php?rest_route=%2Fwp%2Fv2%2Fcomments&post=31137"}],"version-history":[{"count":1,"href":"https:\/\/contraluzcucuta.co\/index.php?rest_route=\/wp\/v2\/posts\/31137\/revisions"}],"predecessor-version":[{"id":31139,"href":"https:\/\/contraluzcucuta.co\/index.php?rest_route=\/wp\/v2\/posts\/31137\/revisions\/31139"}],"wp:featuredmedia":[{"embeddable":true,"href":"https:\/\/contraluzcucuta.co\/index.php?rest_route=\/wp\/v2\/media\/31138"}],"wp:attachment":[{"href":"https:\/\/contraluzcucuta.co\/index.php?rest_route=%2Fwp%2Fv2%2Fmedia&parent=31137"}],"wp:term":[{"taxonomy":"category","embeddable":true,"href":"https:\/\/contraluzcucuta.co\/index.php?rest_route=%2Fwp%2Fv2%2Fcategories&post=31137"},{"taxonomy":"post_tag","embeddable":true,"href":"https:\/\/contraluzcucuta.co\/index.php?rest_route=%2Fwp%2Fv2%2Ftags&post=31137"}],"curies":[{"name":"wp","href":"https:\/\/api.w.org\/{rel}","templated":true}]}}